{"id":728,"date":"2021-03-16T12:21:14","date_gmt":"2021-03-16T11:21:14","guid":{"rendered":"https:\/\/www.alessandrogenitori.com\/?p=728"},"modified":"2021-03-16T17:37:20","modified_gmt":"2021-03-16T16:37:20","slug":"stromboli","status":"publish","type":"post","link":"https:\/\/www.alessandrogenitori.com\/index.php\/2021\/03\/16\/stromboli\/","title":{"rendered":"Stromboli"},"content":{"rendered":"<div>\n<p><time datetime=\"2018-08-30T15:00:00+00:00\">Fuoco e Terra tra Mare e Vento<\/time><\/p>\n<\/div>\n<h1>Stromboli<\/h1>\n<p><img decoding=\"async\" src=\"\/wp-content\/uploads\/2021\/03\/Locadina-4.jpg\" alt=\"\"><\/p>\n<div>\n<p class=\"uk-text-lead\"><strong>Stromboli e il mito del fuoco, la sua valenza divina ed ipnotica<\/strong><\/p>\n<p>Stromboli \u00e8 per me un luogo magico, punto di arrivo e ripartenza che ha caratterizzato i percorsi della mia esistenza. L\u00ec \u00e8 nato uno dei primi articoli realizzati per la rivista \u201c<em>Neuroscienze Anemos<\/em>\u201d, reportage che mi ha successivamente portato a poter collaborare con &#8220;<em>La Stampa<\/em>&#8221; a Torino. Ma oltre il mio lavoro, sulla sommit\u00e0 del Vulcano, mi sono interrogato su cosa volessi fare nella mia esistenza. A Stromboli tutt\u2019ora ho amici, che ritrovo ogni anno in una dimensione nuova e al contempo immutata. Sotto Iddu, il maestoso vulcano mai quieto, mi perdo e mi ritrovo.<\/p>\n<p>Fin dall\u2019antichit\u00e0 il fuoco ha sempre rappresentato per l\u2019umanit\u00e0 una parte centrale della sua evoluzione. Controllare il fuoco ha rappresentato una delle prime conquiste del genere umano, che si \u00e8 trovata ad affrontare questo elemento, <strong>mai del tutto domato<\/strong>, con una certa soggezione. Il fuoco \u00e8 una forza instabile: sfugge, degenera, aizzando le paure pi\u00f9 profonde dinanzi la sua forza distruttiva. Una paura capace di far vibrare gli istinti pi\u00f9 ancestrali. La paura di chi si trova ad affrontare il fuoco incontrollato, <strong>una lotta che trascende l\u2019attimo e che porta ad un vero confronto con s\u00e9 stessi<\/strong>.<\/p>\n<p>Il fuoco \u00e8 capace di portare ad una vera e propria ipnosi per chi si confronta con esso, bloccando la mente ed il corpo. Quante volte ci siamo trovati ad osservare una fiamma, perdendo consapevolezza del mondo circostante, fissando quel movimento cos\u00ec simile ad una magica danza? Un camino acceso a riscaldare una fredda casa, assaporando la quiete di un momento, o il terrore nel trovarsi circondati in un pericoloso incendio. <strong>Due facce della stessa medaglia.<\/strong><\/p>\n<\/div>\n<p><iframe src=\"https:\/\/youtu.be\/KG0g-geKCkE\"><\/iframe><\/p>\n<div>\n<h4><strong>Il Mito del Fuoco<\/strong><\/h4>\n<p>Le sensazioni dinanzi le fiamme hanno accompagnato il genere umano fin dall\u2019antichit\u00e0. Fuoco che ha assunto caratteri divini, visto come dono e maledizione, come si evince dal <em>mito di Prometeo<\/em>. Egli rub\u00f2 il fuoco donandolo agli uomini, permettendo loro di evolversi ma, allo stesso tempo, attirando sul genere umano la collera degli dei per <strong>uno strumento che non sarebbe mai stato totalmente sotto il loro controllo<\/strong>. Quello stesso fuoco che i Greci fecero diventare Efeso, nella sua veste di distruttore e creatore, dio del fuoco ma anche dell\u2019ingegneria e della tecnologia. Un mito che i Romani accolsero nei propri usi e costumi, venerando il dio del fuoco Vulcano, la cui leggendaria fucina fu collocata dagli antichi nei pressi dei maestosi vulcani del Sud Italia.<\/p>\n<p>E proprio nella pi\u00f9 recondita delle isole Eolie, Stromboli, al giorno d\u2019oggi ancora si festeggia il fuoco, l\u2019arte del plasmarlo, ipnotizzando il pubblico presente. <strong>Un\u2019isola di poco pi\u00f9 di 12km quadrati, caratterizzata dal vulcano di Stromboli, uno dei pi\u00f9 attivi al mondo.<\/strong> Ma non \u00e8 l\u2019impressione che si ha arrivando nel caratteristico porto di Stromboli. Piccole case bianche macchiano un territorio verdeggiante ai piedi del vulcano. Un vulcano che per\u00f2 inganna: alto 926 metri, con un\u2019attivit\u00e0 vulcanica pressoch\u00e9 ininterrotta, con periodi di attivit\u00e0 pi\u00f9 intense. Attivit\u00e0 che si evidenzia in particolar modo sul versante nord-ovest dell\u2019isola, la \u201cSciara di Fuoco\u201d, una vasta depressione creatasi all\u2019incirca 5000 anni fa. Un luogo in cui si possono ammirare magnifiche colate di lava fino al livello del mare, ove la forza del vulcano si manifesta in tutta la sua maestosa potenza. \u00a0\u00a0<\/p>\n<\/div>\n<ul>\n<li>\n<p>        <img decoding=\"async\" src=\"\/wp-content\/uploads\/2021\/03\/293431_10150781555785246_1285446_n.jpg\" alt=\"\"><\/p>\n<\/li>\n<li>\n<p>        <img decoding=\"async\" src=\"\/wp-content\/uploads\/2021\/03\/IMG_20181130_114610_648-scaled.jpg\" alt=\"\"><\/p>\n<\/li>\n<li>\n<p>        <img decoding=\"async\" src=\"\/wp-content\/uploads\/2021\/03\/34051860_10160376194890246_5640481486416117760_o.jpg\" alt=\"\"><\/p>\n<\/li>\n<li>\n<p>        <img decoding=\"async\" src=\"\/wp-content\/uploads\/2021\/03\/thumbnail_locandina-_VENTO_CMYK.jpg\" alt=\"\"><\/p>\n<\/li>\n<li>\n<p>        <img decoding=\"async\" src=\"\/wp-content\/uploads\/2021\/03\/thumbnail_SPONSOR_locandina-Stromboli_FUOCO.jpg\" alt=\"\"><\/p>\n<\/li>\n<\/ul>\n<div>\n<h4><strong>Il Documentario Stromboli \u2013 Fuoco e Terra tra Mare e Vento<\/strong><\/h4>\n<p>\u201c<em>Stromboli<\/em>\u201d \u00e8 un documentario che ha l\u2019ambizione di raccontare le sfaccettature di un\u2019isola magnifica, in bilico tra le sfide del presente ed un antico Vulcano mai domo. <strong>Attraverso racconti, video e testimonianze, il documentario ripercorre la storia del territorio, le sfide delle persone che in quelle terre hanno deciso di fermarsi, le vicende di chi ha vissuto l\u2019isola e di chi continua a viverla<\/strong>. Con il mio collega <em>Elis Karakaci<\/em> abbiamo vissuto l\u2019isola, le persone che ci hanno accolto, raccontando la loro storia personale e quella dell\u2019isola. Parallelamente si \u00e8 dato spazio a due importanti eventi che si sono svolti a Stromboli durante le riprese: il \u201c<em>Teatro EcoLogico<\/em>\u201d e la \u201c<em>Festa del Fuoco<\/em>\u201d. La Festa Teatro EcoLogico \u00e8 un\u2019occasione unica al mondo di teatro, musica e danza e altri incontri\u00a0tutti rigorosamente a &#8220;spina staccata&#8221;, vale a dire senza utilizzare la\u00a0corrente elettrica per l&#8217;illuminazione e l&#8217;amplificazione delle performance. Una proposta attenta all\u2019ambiente, un progetto di disinquinamento\u00a0acustico e soprattutto\u00a0la scelta\u00a0artistica di\u00a0riportare al centro dell\u2019azione scenica l\u2019uomo, la sua voce, il suo corpo, la sua capacit\u00e0 di mettersi in relazione senza filtri o effetti artificiali.<\/p>\n<\/div>\n<p><iframe src=\"https:\/\/youtu.be\/vHm8858nynM\"><\/iframe><\/p>\n<ul>\n<li>\n<p>        <img decoding=\"async\" src=\"\/wp-content\/uploads\/2021\/03\/39978125_1001722086656541_6560416485687164928_o.jpg\" alt=\"\"><\/p>\n<\/li>\n<li>\n<p>        <img decoding=\"async\" src=\"\/wp-content\/uploads\/2021\/03\/36684875_10160513975800246_75539296391528448_o.jpg\" alt=\"\"><\/p>\n<\/li>\n<li>\n<p>        <img decoding=\"async\" src=\"\/wp-content\/uploads\/2021\/03\/36358784_940247419470675_3711295443930447872_n.jpg\" alt=\"\"><\/p>\n<\/li>\n<li>\n<p>        <img decoding=\"async\" src=\"\/wp-content\/uploads\/2021\/03\/36324428_940239496138134_5060863885905494016_n.jpg\" alt=\"\"><\/p>\n<\/li>\n<li>\n<p>        <img decoding=\"async\" src=\"\/wp-content\/uploads\/2021\/03\/36266356_940034036158680_3025876499518455808_n.jpg\" alt=\"\"><\/p>\n<\/li>\n<\/ul>\n<div>\n<h4><strong>La Festa del Fuoco<\/strong><\/h4>\n<p>Una serie di eventi che celebrano il fuoco, accompagnati dalle magnifiche eruzioni del vulcano che illuminano di rosso il cielo notturno. Un cielo stellato capace di mozzare il fiato, pressoch\u00e9 incontaminato da qualsiasi altra forma di inquinamento luminoso. Cornice maestosa data dall\u2019isola pi\u00f9 lontana dell\u2019arcipelago che ben si lega alla celebrazione degli innumerevoli modi con il quale l\u2019uomo pu\u00f2 artisticamente manipolare il Fuoco. <strong>Seguendo tale passione comune, artisti da tutto il mondo si ritrovano ai piedi del vulcano per mostrare le loro suggestive performance con l\u2019elemento imprescindibile del fuoco vero protagonista di ogni spettacolo<\/strong>.<\/p>\n<p>Mangiatori di fuoco, ma anche giocolieri ed acrobati, che per tutta l\u2019isola giocano con il Fuoco, con una serie di esibizioni degni dei migliori spettacoli di magia. Suscitando seduzione e sfida per quegli uomini e donne che tentano di controllare la sua natura imprevedibile. <strong>Fuoco ammaestrato tra le mani sapienti di chi ha imparato a plasmarlo a propria volont\u00e0, senza mai smettere di rispettare la sua pericolosa natura.<\/strong> Ed \u00e8 proprio questa ambivalenza a rendere unico l\u2019evento prodotto. Bambini e bambine, ma anche adulti di ogni et\u00e0, si sono ritrovati a guardare con i medesimi occhi increduli gli spettacoli offerti. Il fuoco raggiunge il massimo della sua potenza ipnotica, mentre un lungo fremito di paura e ammirazione attraversa l\u2019intera platea durante gli esercizi pi\u00f9 pericolosi ma allo stesso tempo suggestivi e spettacolari.<\/p>\n<\/div>\n<p><iframe src=\"https:\/\/youtu.be\/05qqIc_thjY\"><\/iframe><\/p>\n<div>\n<p>Tanti anni fa, durante una delle prime edizioni, mi sono ritrovato catapultato in un mondo parallelo. Un avvenimento che \u00e8 stato definito dal suo ideatore <em>August Schuldes<\/em> un \u201cfestival intimo\u201d, dove tutti i visitatori possono assistere agli spettacoli a pochi metri dai palchi allestiti, anch\u2019essi attentamente studiati per permettere giochi di luci e fiamme, permettendo agli artisti di disporre degli adeguati spazi dove giostrare in sicurezza. Era questa la festa che voleva condividere con l&#8217;Isola, ed \u00e8 stato un onore poter discutere con lui della sua idea del Festival. Una volont\u00e0 che \u00e8 ancora pulsante, anche ora che August non c\u2019\u00e8 pi\u00f9. Vive nei ragazzi di Stromboli, negli artisti che da tutto il mondo hanno imparato ad amare l&#8217;Isola, e che hanno seguito negli anni il suo sogno. Anche in mezzo alle difficolt\u00e0, <strong>in tanti aspettano il prossimo Festival, ricordando le magie di quelli vissuti.<\/strong><\/p>\n<p>Il Festival \u00e8 una celebrazione che abbatte ogni bandiera, dove gli artisti si mischiano con il pubblico mostrando le loro abilit\u00e0 fino a tarda notte, pronti ad esibirsi per gli spettatori che si trovano improvvisamente egli stessi protagonisti. <strong>Un magico connubio che \u00e8 reso possibile dall\u2019ospitalit\u00e0 dalla comunit\u00e0 isolana<\/strong>. Quasi a voler celebrare chi, come loro, ha imparato a convivere con la maestosit\u00e0 del fuoco. Ai piedi di un magnifico vulcano attivo che regala esplosioni di magma di rara bellezza.<\/p>\n<\/div>\n<ul>\n<li>\n<p>        <img decoding=\"async\" src=\"\/wp-content\/uploads\/2021\/03\/36961333_10160535872385246_2872810934605185024_o.jpg\" alt=\"\"><\/p>\n<\/li>\n<li>\n<p>        <img decoding=\"async\" src=\"\/wp-content\/uploads\/2021\/03\/37017971_10160535872370246_4143736940547538944_o.jpg\" alt=\"\"><\/p>\n<\/li>\n<li>\n<p>        <img decoding=\"async\" src=\"\/wp-content\/uploads\/2021\/03\/IMG_20180712_152257_989.jpg\" alt=\"\"><\/p>\n<\/li>\n<\/ul>\n<div>\n<h4>Trovarsi e ritrovarsi<\/h4>\n<p>Un legame tra la bellezza incontaminata dell\u2019isola e quelle tracce che ne hanno segnato la sua esistenza, a volta in maniera tragica. Ed \u00e8 proprio questo spirito di amore e reverenza verso il vulcano ad unire chi rischia di essere catturato dal fascino magnifico di un\u2019isola magica. Una passione comune, il trovare o ritrovare una propria identit\u00e0, con il desiderio di un confronto delle esperienze acquisite ma che possa esulare anche l\u2019arte e fondersi con una maggiore consapevolezza della condizione precaria e passeggera dell\u2019essere umano ai piedi di un vulcano mai quieto.<\/p>\n<\/div>\n<p><!--more--><br \/>\n<!-- {\"name\":\"Post\",\"type\":\"layout\",\"children\":[{\"type\":\"section\",\"props\":{\"style\":\"default\",\"width\":\"\",\"vertical_align\":\"middle\",\"title_position\":\"top-left\",\"title_rotation\":\"left\",\"title_breakpoint\":\"xl\",\"image_position\":\"center-center\",\"padding\":\"large\",\"image\":\"\",\"padding_remove_bottom\":true},\"children\":[{\"type\":\"row\",\"props\":{\"width\":\"xsmall\"},\"children\":[{\"type\":\"column\",\"props\":{\"image_position\":\"center-center\",\"media_overlay_gradient\":\"\",\"width_medium\":\"1-1\"},\"children\":[{\"type\":\"text\",\"props\":{\"margin\":\"default\",\"column_breakpoint\":\"m\",\"text_align\":\"center\",\"dropcap\":false,\"content\":\"\n\n<p><time datetime=\\\"2018-08-30T15:00:00+00:00\\\">Fuoco e Terra tra Mare e Vento<\\\/time><\\\/p>\"}},{\"type\":\"headline\",\"props\":{\"title_element\":\"h1\",\"title_style\":\"heading-medium\",\"text_align\":\"center\",\"margin\":\"remove-vertical\",\"content\":\"Stromboli\"}}]}]},{\"type\":\"row\",\"props\":{\"width\":\"default\",\"margin\":\"large\"},\"children\":[{\"type\":\"column\",\"props\":{\"image_position\":\"center-center\",\"media_overlay_gradient\":\"\",\"width_medium\":\"1-1\"},\"children\":[{\"type\":\"image\",\"props\":{\"margin\":\"\",\"image_svg_color\":\"emphasis\",\"image\":\"wp-content\\\/uploads\\\/2021\\\/03\\\/Locadina-4.jpg\",\"margin_remove_bottom\":true,\"margin_remove_top\":true,\"image_box_shadow\":\"large\"}}]}]},{\"type\":\"row\",\"props\":{\"width\":\"xsmall\",\"margin\":\"xlarge\",\"margin_remove_bottom\":false},\"children\":[{\"type\":\"column\",\"props\":{\"image_position\":\"center-center\",\"media_overlay_gradient\":\"\",\"width_medium\":\"1-1\"},\"children\":[{\"type\":\"text\",\"props\":{\"margin\":\"default\",\"column_breakpoint\":\"m\",\"content\":\"\n\n<p class=\\\"uk-text-lead\\\"><strong>Stromboli e il mito del fuoco, la sua valenza divina ed ipnotica<\\\/strong><\\\/p>\\n\n\n<p>Stromboli \\u00e8 per me un luogo magico, punto di arrivo e ripartenza che ha caratterizzato i percorsi della mia esistenza. L\\u00ec \\u00e8 nato uno dei primi articoli realizzati per la rivista \\u201c<em>Neuroscienze Anemos<\\\/em>\\u201d, reportage che mi ha successivamente portato a poter collaborare con \\\"<em>La Stampa<\\\/em>\\\" a Torino. Ma oltre il mio lavoro, sulla sommit\\u00e0 del Vulcano, mi sono interrogato su cosa volessi fare nella mia esistenza. A Stromboli tutt\\u2019ora ho amici, che ritrovo ogni anno in una dimensione nuova e al contempo immutata. Sotto Iddu, il maestoso vulcano mai quieto, mi perdo e mi ritrovo.<\\\/p>\\n\n\n<p>Fin dall\\u2019antichit\\u00e0 il fuoco ha sempre rappresentato per l\\u2019umanit\\u00e0 una parte centrale della sua evoluzione. Controllare il fuoco ha rappresentato una delle prime conquiste del genere umano, che si \\u00e8 trovata ad affrontare questo elemento, <strong>mai del tutto domato<\\\/strong>, con una certa soggezione. Il fuoco \\u00e8 una forza instabile: sfugge, degenera, aizzando le paure pi\\u00f9 profonde dinanzi la sua forza distruttiva. Una paura capace di far vibrare gli istinti pi\\u00f9 ancestrali. La paura di chi si trova ad affrontare il fuoco incontrollato, <strong>una lotta che trascende l\\u2019attimo e che porta ad un vero confronto con s\\u00e9 stessi<\\\/strong>.<\\\/p>\\n\n\n<p>Il fuoco \\u00e8 capace di portare ad una vera e propria ipnosi per chi si confronta con esso, bloccando la mente ed il corpo. Quante volte ci siamo trovati ad osservare una fiamma, perdendo consapevolezza del mondo circostante, fissando quel movimento cos\\u00ec simile ad una magica danza? Un camino acceso a riscaldare una fredda casa, assaporando la quiete di un momento, o il terrore nel trovarsi circondati in un pericoloso incendio. <strong>Due facce della stessa medaglia.<\\\/strong><\\\/p>\"}},{\"type\":\"video\",\"props\":{\"video_controls\":true,\"margin\":\"default\",\"video\":\"https:\\\/\\\/youtu.be\\\/KG0g-geKCkE\",\"video_width\":\"1920\"}},{\"type\":\"text\",\"props\":{\"margin\":\"default\",\"column_breakpoint\":\"m\",\"content\":\"\n\n<h4><strong>Il Mito del Fuoco<\\\/strong><\\\/h4>\\n\n\n<p>Le sensazioni dinanzi le fiamme hanno accompagnato il genere umano fin dall\\u2019antichit\\u00e0. Fuoco che ha assunto caratteri divini, visto come dono e maledizione, come si evince dal <em>mito di Prometeo<\\\/em>. Egli rub\\u00f2 il fuoco donandolo agli uomini, permettendo loro di evolversi ma, allo stesso tempo, attirando sul genere umano la collera degli dei per <strong>uno strumento che non sarebbe mai stato totalmente sotto il loro controllo<\\\/strong>. Quello stesso fuoco che i Greci fecero diventare Efeso, nella sua veste di distruttore e creatore, dio del fuoco ma anche dell\\u2019ingegneria e della tecnologia. Un mito che i Romani accolsero nei propri usi e costumi, venerando il dio del fuoco Vulcano, la cui leggendaria fucina fu collocata dagli antichi nei pressi dei maestosi vulcani del Sud Italia.<\\\/p>\\n\n\n<p>E proprio nella pi\\u00f9 recondita delle isole Eolie, Stromboli, al giorno d\\u2019oggi ancora si festeggia il fuoco, l\\u2019arte del plasmarlo, ipnotizzando il pubblico presente. <strong>Un\\u2019isola di poco pi\\u00f9 di 12km quadrati, caratterizzata dal vulcano di Stromboli, uno dei pi\\u00f9 attivi al mondo.<\\\/strong> Ma non \\u00e8 l\\u2019impressione che si ha arrivando nel caratteristico porto di Stromboli. Piccole case bianche macchiano un territorio verdeggiante ai piedi del vulcano. Un vulcano che per\\u00f2 inganna: alto 926 metri, con un\\u2019attivit\\u00e0 vulcanica pressoch\\u00e9 ininterrotta, con periodi di attivit\\u00e0 pi\\u00f9 intense. Attivit\\u00e0 che si evidenzia in particolar modo sul versante nord-ovest dell\\u2019isola, la \\u201cSciara di Fuoco\\u201d, una vasta depressione creatasi all\\u2019incirca 5000 anni fa. Un luogo in cui si possono ammirare magnifiche colate di lava fino al livello del mare, ove la forza del vulcano si manifesta in tutta la sua maestosa potenza. \\u00a0\\u00a0<\\\/p>\"}},{\"type\":\"gallery\",\"props\":{\"show_title\":false,\"show_meta\":false,\"show_content\":false,\"show_link\":false,\"show_hover_image\":false,\"grid_default\":\"1\",\"grid_medium\":\"3\",\"filter_style\":\"tab\",\"filter_all\":true,\"filter_position\":\"top\",\"filter_align\":\"left\",\"filter_grid_width\":\"auto\",\"filter_grid_breakpoint\":\"m\",\"overlay_mode\":\"caption\",\"overlay_hover\":true,\"overlay_style\":\"overlay-primary\",\"text_color\":\"light\",\"overlay_position\":\"center\",\"overlay_transition\":\"fade\",\"title_hover_style\":\"reset\",\"title_element\":\"h3\",\"meta_style\":\"meta\",\"meta_align\":\"below-title\",\"meta_element\":\"div\",\"link_text\":\"Read more\",\"link_style\":\"default\",\"text_align\":\"center\",\"margin\":\"default\",\"item_animation\":\"\",\"grid_column_align\":true,\"grid_masonry\":true,\"lightbox\":false,\"overlay_transition_background\":true},\"children\":[{\"type\":\"gallery_item\",\"props\":{\"title\":\"\",\"image\":\"wp-content\\\/uploads\\\/2021\\\/03\\\/293431_10150781555785246_1285446_n.jpg\"}},{\"type\":\"gallery_item\",\"props\":{\"title\":\"\",\"image\":\"wp-content\\\/uploads\\\/2021\\\/03\\\/IMG_20181130_114610_648-scaled.jpg\"}},{\"type\":\"gallery_item\",\"props\":{\"title\":\"\",\"image\":\"wp-content\\\/uploads\\\/2021\\\/03\\\/34051860_10160376194890246_5640481486416117760_o.jpg\"}},{\"type\":\"gallery_item\",\"props\":{\"title\":\"\",\"image\":\"wp-content\\\/uploads\\\/2021\\\/03\\\/thumbnail_locandina-_VENTO_CMYK.jpg\"}},{\"type\":\"gallery_item\",\"props\":{\"title\":\"\",\"image\":\"wp-content\\\/uploads\\\/2021\\\/03\\\/thumbnail_SPONSOR_locandina-Stromboli_FUOCO.jpg\"}}]},{\"type\":\"text\",\"props\":{\"margin\":\"default\",\"column_breakpoint\":\"m\",\"content\":\"\n\n<h4><strong>Il Documentario Stromboli \\u2013 Fuoco e Terra tra Mare e Vento<\\\/strong><\\\/h4>\\n\n\n<p>\\u201c<em>Stromboli<\\\/em>\\u201d \\u00e8 un documentario che ha l\\u2019ambizione di raccontare le sfaccettature di un\\u2019isola magnifica, in bilico tra le sfide del presente ed un antico Vulcano mai domo. <strong>Attraverso racconti, video e testimonianze, il documentario ripercorre la storia del territorio, le sfide delle persone che in quelle terre hanno deciso di fermarsi, le vicende di chi ha vissuto l\\u2019isola e di chi continua a viverla<\\\/strong>. Con il mio collega <em>Elis Karakaci<\\\/em> abbiamo vissuto l\\u2019isola, le persone che ci hanno accolto, raccontando la loro storia personale e quella dell\\u2019isola. Parallelamente si \\u00e8 dato spazio a due importanti eventi che si sono svolti a Stromboli durante le riprese: il \\u201c<em>Teatro EcoLogico<\\\/em>\\u201d e la \\u201c<em>Festa del Fuoco<\\\/em>\\u201d. La Festa Teatro EcoLogico \\u00e8 un\\u2019occasione unica al mondo di teatro, musica e danza e altri incontri\\u00a0tutti rigorosamente a \\\"spina staccata\\\", vale a dire senza utilizzare la\\u00a0corrente elettrica per l'illuminazione e l'amplificazione delle performance. Una proposta attenta all\\u2019ambiente, un progetto di disinquinamento\\u00a0acustico e soprattutto\\u00a0la scelta\\u00a0artistica di\\u00a0riportare al centro dell\\u2019azione scenica l\\u2019uomo, la sua voce, il suo corpo, la sua capacit\\u00e0 di mettersi in relazione senza filtri o effetti artificiali.<\\\/p>\"}},{\"type\":\"video\",\"props\":{\"video_controls\":false,\"margin\":\"\",\"video\":\"https:\\\/\\\/youtu.be\\\/vHm8858nynM\",\"video_box_shadow\":\"medium\",\"maxwidth\":\"xlarge\",\"block_align\":\"center\",\"video_width\":\"1920\",\"video_playsinline\":true}},{\"type\":\"gallery\",\"props\":{\"show_title\":false,\"show_meta\":false,\"show_content\":false,\"show_link\":false,\"show_hover_image\":false,\"grid_default\":\"1\",\"grid_medium\":\"3\",\"filter_style\":\"tab\",\"filter_all\":true,\"filter_position\":\"top\",\"filter_align\":\"left\",\"filter_grid_width\":\"auto\",\"filter_grid_breakpoint\":\"m\",\"overlay_mode\":\"caption\",\"overlay_hover\":true,\"overlay_style\":\"overlay-primary\",\"text_color\":\"light\",\"overlay_position\":\"center\",\"overlay_transition\":\"fade\",\"title_hover_style\":\"reset\",\"title_element\":\"h3\",\"meta_style\":\"meta\",\"meta_align\":\"below-title\",\"meta_element\":\"div\",\"link_text\":\"Read more\",\"link_style\":\"default\",\"text_align\":\"center\",\"margin\":\"default\",\"item_animation\":\"\",\"grid_column_align\":true},\"children\":[{\"type\":\"gallery_item\",\"props\":{\"title\":\"\",\"image\":\"wp-content\\\/uploads\\\/2021\\\/03\\\/39978125_1001722086656541_6560416485687164928_o.jpg\"}},{\"type\":\"gallery_item\",\"props\":{\"title\":\"\",\"image\":\"wp-content\\\/uploads\\\/2021\\\/03\\\/36684875_10160513975800246_75539296391528448_o.jpg\"}},{\"type\":\"gallery_item\",\"props\":{\"title\":\"\",\"image\":\"wp-content\\\/uploads\\\/2021\\\/03\\\/36358784_940247419470675_3711295443930447872_n.jpg\"}},{\"type\":\"gallery_item\",\"props\":{\"title\":\"\",\"image\":\"wp-content\\\/uploads\\\/2021\\\/03\\\/36324428_940239496138134_5060863885905494016_n.jpg\"}},{\"type\":\"gallery_item\",\"props\":{\"title\":\"\",\"image\":\"wp-content\\\/uploads\\\/2021\\\/03\\\/36266356_940034036158680_3025876499518455808_n.jpg\"}}]},{\"type\":\"text\",\"props\":{\"margin\":\"default\",\"column_breakpoint\":\"m\",\"content\":\"\n\n<h4><strong>La Festa del Fuoco<\\\/strong><\\\/h4>\\n\n\n<p>Una serie di eventi che celebrano il fuoco, accompagnati dalle magnifiche eruzioni del vulcano che illuminano di rosso il cielo notturno. Un cielo stellato capace di mozzare il fiato, pressoch\\u00e9 incontaminato da qualsiasi altra forma di inquinamento luminoso. Cornice maestosa data dall\\u2019isola pi\\u00f9 lontana dell\\u2019arcipelago che ben si lega alla celebrazione degli innumerevoli modi con il quale l\\u2019uomo pu\\u00f2 artisticamente manipolare il Fuoco. <strong>Seguendo tale passione comune, artisti da tutto il mondo si ritrovano ai piedi del vulcano per mostrare le loro suggestive performance con l\\u2019elemento imprescindibile del fuoco vero protagonista di ogni spettacolo<\\\/strong>.<\\\/p>\\n\n\n<p>Mangiatori di fuoco, ma anche giocolieri ed acrobati, che per tutta l\\u2019isola giocano con il Fuoco, con una serie di esibizioni degni dei migliori spettacoli di magia. Suscitando seduzione e sfida per quegli uomini e donne che tentano di controllare la sua natura imprevedibile. <strong>Fuoco ammaestrato tra le mani sapienti di chi ha imparato a plasmarlo a propria volont\\u00e0, senza mai smettere di rispettare la sua pericolosa natura.<\\\/strong> Ed \\u00e8 proprio questa ambivalenza a rendere unico l\\u2019evento prodotto. Bambini e bambine, ma anche adulti di ogni et\\u00e0, si sono ritrovati a guardare con i medesimi occhi increduli gli spettacoli offerti. Il fuoco raggiunge il massimo della sua potenza ipnotica, mentre un lungo fremito di paura e ammirazione attraversa l\\u2019intera platea durante gli esercizi pi\\u00f9 pericolosi ma allo stesso tempo suggestivi e spettacolari.<\\\/p>\"}},{\"type\":\"video\",\"props\":{\"video_controls\":true,\"margin\":\"default\",\"video\":\"https:\\\/\\\/youtu.be\\\/05qqIc_thjY\",\"video_width\":\"1920\"}},{\"type\":\"text\",\"props\":{\"margin\":\"default\",\"column_breakpoint\":\"m\",\"content\":\"\n\n<p>Tanti anni fa, durante una delle prime edizioni, mi sono ritrovato catapultato in un mondo parallelo. Un avvenimento che \\u00e8 stato definito dal suo ideatore <em>August Schuldes<\\\/em> un \\u201cfestival intimo\\u201d, dove tutti i visitatori possono assistere agli spettacoli a pochi metri dai palchi allestiti, anch\\u2019essi attentamente studiati per permettere giochi di luci e fiamme, permettendo agli artisti di disporre degli adeguati spazi dove giostrare in sicurezza. Era questa la festa che voleva condividere con l'Isola, ed \\u00e8 stato un onore poter discutere con lui della sua idea del Festival. Una volont\\u00e0 che \\u00e8 ancora pulsante, anche ora che August non c\\u2019\\u00e8 pi\\u00f9. Vive nei ragazzi di Stromboli, negli artisti che da tutto il mondo hanno imparato ad amare l'Isola, e che hanno seguito negli anni il suo sogno. Anche in mezzo alle difficolt\\u00e0, <strong>in tanti aspettano il prossimo Festival, ricordando le magie di quelli vissuti.<\\\/strong><\\\/p>\\n\n\n<p>Il Festival \\u00e8 una celebrazione che abbatte ogni bandiera, dove gli artisti si mischiano con il pubblico mostrando le loro abilit\\u00e0 fino a tarda notte, pronti ad esibirsi per gli spettatori che si trovano improvvisamente egli stessi protagonisti. <strong>Un magico connubio che \\u00e8 reso possibile dall\\u2019ospitalit\\u00e0 dalla comunit\\u00e0 isolana<\\\/strong>. Quasi a voler celebrare chi, come loro, ha imparato a convivere con la maestosit\\u00e0 del fuoco. Ai piedi di un magnifico vulcano attivo che regala esplosioni di magma di rara bellezza.<\\\/p>\"}},{\"type\":\"gallery\",\"props\":{\"show_title\":false,\"show_meta\":false,\"show_content\":false,\"show_link\":false,\"show_hover_image\":false,\"grid_default\":\"1\",\"grid_medium\":\"3\",\"filter_style\":\"tab\",\"filter_all\":true,\"filter_position\":\"top\",\"filter_align\":\"left\",\"filter_grid_width\":\"auto\",\"filter_grid_breakpoint\":\"m\",\"overlay_mode\":\"caption\",\"overlay_hover\":true,\"overlay_style\":\"overlay-primary\",\"text_color\":\"light\",\"overlay_position\":\"center\",\"overlay_transition\":\"fade\",\"title_hover_style\":\"reset\",\"title_element\":\"h3\",\"meta_style\":\"meta\",\"meta_align\":\"below-title\",\"meta_element\":\"div\",\"link_text\":\"Read more\",\"link_style\":\"default\",\"text_align\":\"center\",\"margin\":\"default\",\"item_animation\":\"\"},\"children\":[{\"type\":\"gallery_item\",\"props\":{\"title\":\"\",\"image\":\"wp-content\\\/uploads\\\/2021\\\/03\\\/36961333_10160535872385246_2872810934605185024_o.jpg\"}},{\"type\":\"gallery_item\",\"props\":{\"title\":\"\",\"image\":\"wp-content\\\/uploads\\\/2021\\\/03\\\/37017971_10160535872370246_4143736940547538944_o.jpg\"}},{\"type\":\"gallery_item\",\"props\":{\"title\":\"\",\"image\":\"wp-content\\\/uploads\\\/2021\\\/03\\\/IMG_20180712_152257_989.jpg\"}}]},{\"type\":\"text\",\"props\":{\"margin\":\"default\",\"column_breakpoint\":\"m\",\"content\":\"\n\n<h4>Trovarsi e ritrovarsi<\\\/h4>\\n\n\n<p>Un legame tra la bellezza incontaminata dell\\u2019isola e quelle tracce che ne hanno segnato la sua esistenza, a volta in maniera tragica. Ed \\u00e8 proprio questo spirito di amore e reverenza verso il vulcano ad unire chi rischia di essere catturato dal fascino magnifico di un\\u2019isola magica. Una passione comune, il trovare o ritrovare una propria identit\\u00e0, con il desiderio di un confronto delle esperienze acquisite ma che possa esulare anche l\\u2019arte e fondersi con una maggiore consapevolezza della condizione precaria e passeggera dell\\u2019essere umano ai piedi di un vulcano mai quieto.<\\\/p>\"}},{\"type\":\"pagination\",\"props\":{\"pagination_type\":\"previous\\\/next\",\"text_align\":\"center\",\"margin\":\"large\",\"pagination_space_between\":true}}]}]}],\"name\":\"Post\"}],\"version\":\"2.4.3\"} --><\/p>\n","protected":false},"excerpt":{"rendered":"<p>Fuoco e Terra tra Mare e Vento Stromboli Stromboli e il mito del fuoco, la sua valenza divina ed ipnotica Stromboli \u00e8 per me un luogo magico, punto di arrivo e ripartenza che ha caratterizzato i percorsi della mia esistenza. L\u00ec \u00e8 nato uno dei primi articoli realizzati per la rivista \u201cNeuroscienze Anemos\u201d, reportage che [&hellip;]<\/p>\n","protected":false},"author":1,"featured_media":762,"comment_status":"open","ping_status":"open","sticky":false,"template":"","format":"standard","meta":{"footnotes":""},"categories":[1,7,5],"tags":[],"yoast_head":"<!-- This site is optimized with the Yoast SEO plugin v22.6 - https:\/\/yoast.com\/wordpress\/plugins\/seo\/ -->\r\n<title>Stromboli &#187; Alessandro Genitori<\/title>\r\n<meta name=\"description\" content=\"\u201cStromboli\u201d \u00e8 un documentario che racconta le sfaccettature di un\u2019isola in bilico tra le sfide del presente ed un antico Vulcano mai domo\" \/>\r\n<meta name=\"robots\" content=\"index, follow, max-snippet:-1, max-image-preview:large, max-video-preview:-1\" \/>\r\n<link rel=\"canonical\" href=\"https:\/\/www.alessandrogenitori.com\/index.php\/2021\/03\/16\/stromboli\/\" \/>\r\n<meta property=\"og:locale\" content=\"it_IT\" \/>\r\n<meta property=\"og:type\" content=\"article\" \/>\r\n<meta property=\"og:title\" content=\"Stromboli &#187; Alessandro Genitori\" \/>\r\n<meta property=\"og:description\" content=\"\u201cStromboli\u201d \u00e8 un documentario che racconta le sfaccettature di un\u2019isola in bilico tra le sfide del presente ed un antico Vulcano mai domo\" \/>\r\n<meta property=\"og:url\" content=\"https:\/\/www.alessandrogenitori.com\/index.php\/2021\/03\/16\/stromboli\/\" \/>\r\n<meta property=\"og:site_name\" content=\"Alessandro Genitori\" \/>\r\n<meta property=\"article:publisher\" content=\"https:\/\/www.facebook.com\/alessandro.genitori\" \/>\r\n<meta property=\"article:published_time\" content=\"2021-03-16T11:21:14+00:00\" \/>\r\n<meta property=\"article:modified_time\" content=\"2021-03-16T16:37:20+00:00\" \/>\r\n<meta property=\"og:image\" content=\"https:\/\/www.alessandrogenitori.com\/wp-content\/uploads\/2021\/03\/Locadina-4.jpg\" \/>\r\n\t<meta property=\"og:image:width\" content=\"1920\" \/>\r\n\t<meta property=\"og:image:height\" content=\"964\" \/>\r\n\t<meta property=\"og:image:type\" content=\"image\/jpeg\" \/>\r\n<meta name=\"author\" content=\"Alessandro Genitori\" \/>\r\n<meta name=\"twitter:card\" content=\"summary_large_image\" \/>\r\n<meta name=\"twitter:label1\" content=\"Scritto da\" \/>\n\t<meta name=\"twitter:data1\" content=\"Alessandro Genitori\" \/>\n\t<meta name=\"twitter:label2\" content=\"Tempo di lettura stimato\" \/>\n\t<meta name=\"twitter:data2\" content=\"7 minuti\" \/>\r\n<script type=\"application\/ld+json\" class=\"yoast-schema-graph\">{\"@context\":\"https:\/\/schema.org\",\"@graph\":[{\"@type\":\"Article\",\"@id\":\"https:\/\/www.alessandrogenitori.com\/index.php\/2021\/03\/16\/stromboli\/#article\",\"isPartOf\":{\"@id\":\"https:\/\/www.alessandrogenitori.com\/index.php\/2021\/03\/16\/stromboli\/\"},\"author\":{\"name\":\"Alessandro Genitori\",\"@id\":\"https:\/\/www.alessandrogenitori.com\/#\/schema\/person\/cc5c16f7bda40e12fa358d3ab5a1bff1\"},\"headline\":\"Stromboli\",\"datePublished\":\"2021-03-16T11:21:14+00:00\",\"dateModified\":\"2021-03-16T16:37:20+00:00\",\"mainEntityOfPage\":{\"@id\":\"https:\/\/www.alessandrogenitori.com\/index.php\/2021\/03\/16\/stromboli\/\"},\"wordCount\":1319,\"commentCount\":1,\"publisher\":{\"@id\":\"https:\/\/www.alessandrogenitori.com\/#organization\"},\"image\":{\"@id\":\"https:\/\/www.alessandrogenitori.com\/index.php\/2021\/03\/16\/stromboli\/#primaryimage\"},\"thumbnailUrl\":\"https:\/\/www.alessandrogenitori.com\/wp-content\/uploads\/2021\/03\/Locadina-4.jpg\",\"articleSection\":[\"BLOG\",\"POPULAR\",\"PRESS\"],\"inLanguage\":\"it-IT\",\"potentialAction\":[{\"@type\":\"CommentAction\",\"name\":\"Comment\",\"target\":[\"https:\/\/www.alessandrogenitori.com\/index.php\/2021\/03\/16\/stromboli\/#respond\"]}]},{\"@type\":\"WebPage\",\"@id\":\"https:\/\/www.alessandrogenitori.com\/index.php\/2021\/03\/16\/stromboli\/\",\"url\":\"https:\/\/www.alessandrogenitori.com\/index.php\/2021\/03\/16\/stromboli\/\",\"name\":\"Stromboli &#187; Alessandro Genitori\",\"isPartOf\":{\"@id\":\"https:\/\/www.alessandrogenitori.com\/#website\"},\"primaryImageOfPage\":{\"@id\":\"https:\/\/www.alessandrogenitori.com\/index.php\/2021\/03\/16\/stromboli\/#primaryimage\"},\"image\":{\"@id\":\"https:\/\/www.alessandrogenitori.com\/index.php\/2021\/03\/16\/stromboli\/#primaryimage\"},\"thumbnailUrl\":\"https:\/\/www.alessandrogenitori.com\/wp-content\/uploads\/2021\/03\/Locadina-4.jpg\",\"datePublished\":\"2021-03-16T11:21:14+00:00\",\"dateModified\":\"2021-03-16T16:37:20+00:00\",\"description\":\"\u201cStromboli\u201d \u00e8 un documentario che racconta le sfaccettature di un\u2019isola in bilico tra le sfide del presente ed un antico Vulcano mai domo\",\"breadcrumb\":{\"@id\":\"https:\/\/www.alessandrogenitori.com\/index.php\/2021\/03\/16\/stromboli\/#breadcrumb\"},\"inLanguage\":\"it-IT\",\"potentialAction\":[{\"@type\":\"ReadAction\",\"target\":[\"https:\/\/www.alessandrogenitori.com\/index.php\/2021\/03\/16\/stromboli\/\"]}]},{\"@type\":\"ImageObject\",\"inLanguage\":\"it-IT\",\"@id\":\"https:\/\/www.alessandrogenitori.com\/index.php\/2021\/03\/16\/stromboli\/#primaryimage\",\"url\":\"https:\/\/www.alessandrogenitori.com\/wp-content\/uploads\/2021\/03\/Locadina-4.jpg\",\"contentUrl\":\"https:\/\/www.alessandrogenitori.com\/wp-content\/uploads\/2021\/03\/Locadina-4.jpg\",\"width\":1920,\"height\":964},{\"@type\":\"BreadcrumbList\",\"@id\":\"https:\/\/www.alessandrogenitori.com\/index.php\/2021\/03\/16\/stromboli\/#breadcrumb\",\"itemListElement\":[{\"@type\":\"ListItem\",\"position\":1,\"name\":\"Home\",\"item\":\"https:\/\/www.alessandrogenitori.com\/\"},{\"@type\":\"ListItem\",\"position\":2,\"name\":\"Stromboli\"}]},{\"@type\":\"WebSite\",\"@id\":\"https:\/\/www.alessandrogenitori.com\/#website\",\"url\":\"https:\/\/www.alessandrogenitori.com\/\",\"name\":\"Alessandro Genitori\",\"description\":\"VIVO RACCONTO CREO\",\"publisher\":{\"@id\":\"https:\/\/www.alessandrogenitori.com\/#organization\"},\"potentialAction\":[{\"@type\":\"SearchAction\",\"target\":{\"@type\":\"EntryPoint\",\"urlTemplate\":\"https:\/\/www.alessandrogenitori.com\/?s={search_term_string}\"},\"query-input\":\"required name=search_term_string\"}],\"inLanguage\":\"it-IT\"},{\"@type\":\"Organization\",\"@id\":\"https:\/\/www.alessandrogenitori.com\/#organization\",\"name\":\"Alessandro Genitori\",\"url\":\"https:\/\/www.alessandrogenitori.com\/\",\"logo\":{\"@type\":\"ImageObject\",\"inLanguage\":\"it-IT\",\"@id\":\"https:\/\/www.alessandrogenitori.com\/#\/schema\/logo\/image\/\",\"url\":\"https:\/\/www.alessandrogenitori.com\/wp-content\/uploads\/2021\/02\/LOGO_ALE-1.svg\",\"contentUrl\":\"https:\/\/www.alessandrogenitori.com\/wp-content\/uploads\/2021\/02\/LOGO_ALE-1.svg\",\"width\":1,\"height\":1,\"caption\":\"Alessandro Genitori\"},\"image\":{\"@id\":\"https:\/\/www.alessandrogenitori.com\/#\/schema\/logo\/image\/\"},\"sameAs\":[\"https:\/\/www.facebook.com\/alessandro.genitori\",\"https:\/\/www.instagram.com\/alegeni\/\"]},{\"@type\":\"Person\",\"@id\":\"https:\/\/www.alessandrogenitori.com\/#\/schema\/person\/cc5c16f7bda40e12fa358d3ab5a1bff1\",\"name\":\"Alessandro Genitori\",\"image\":{\"@type\":\"ImageObject\",\"inLanguage\":\"it-IT\",\"@id\":\"https:\/\/www.alessandrogenitori.com\/#\/schema\/person\/image\/\",\"url\":\"https:\/\/secure.gravatar.com\/avatar\/9d291643d27a52d6af7074282b6b81b3?s=96&d=mm&r=g\",\"contentUrl\":\"https:\/\/secure.gravatar.com\/avatar\/9d291643d27a52d6af7074282b6b81b3?s=96&d=mm&r=g\",\"caption\":\"Alessandro Genitori\"},\"sameAs\":[\"https:\/\/www.alessandrogenitori.com\"]}]}<\/script>\r\n<!-- \/ Yoast SEO plugin. -->","yoast_head_json":{"title":"Stromboli &#187; Alessandro Genitori","description":"\u201cStromboli\u201d \u00e8 un documentario che racconta le sfaccettature di un\u2019isola in bilico tra le sfide del presente ed un antico Vulcano mai domo","robots":{"index":"index","follow":"follow","max-snippet":"max-snippet:-1","max-image-preview":"max-image-preview:large","max-video-preview":"max-video-preview:-1"},"canonical":"https:\/\/www.alessandrogenitori.com\/index.php\/2021\/03\/16\/stromboli\/","og_locale":"it_IT","og_type":"article","og_title":"Stromboli &#187; Alessandro Genitori","og_description":"\u201cStromboli\u201d \u00e8 un documentario che racconta le sfaccettature di un\u2019isola in bilico tra le sfide del presente ed un antico Vulcano mai domo","og_url":"https:\/\/www.alessandrogenitori.com\/index.php\/2021\/03\/16\/stromboli\/","og_site_name":"Alessandro Genitori","article_publisher":"https:\/\/www.facebook.com\/alessandro.genitori","article_published_time":"2021-03-16T11:21:14+00:00","article_modified_time":"2021-03-16T16:37:20+00:00","og_image":[{"width":1920,"height":964,"url":"https:\/\/www.alessandrogenitori.com\/wp-content\/uploads\/2021\/03\/Locadina-4.jpg","type":"image\/jpeg"}],"author":"Alessandro Genitori","twitter_card":"summary_large_image","twitter_misc":{"Scritto da":"Alessandro Genitori","Tempo di lettura stimato":"7 minuti"},"schema":{"@context":"https:\/\/schema.org","@graph":[{"@type":"Article","@id":"https:\/\/www.alessandrogenitori.com\/index.php\/2021\/03\/16\/stromboli\/#article","isPartOf":{"@id":"https:\/\/www.alessandrogenitori.com\/index.php\/2021\/03\/16\/stromboli\/"},"author":{"name":"Alessandro Genitori","@id":"https:\/\/www.alessandrogenitori.com\/#\/schema\/person\/cc5c16f7bda40e12fa358d3ab5a1bff1"},"headline":"Stromboli","datePublished":"2021-03-16T11:21:14+00:00","dateModified":"2021-03-16T16:37:20+00:00","mainEntityOfPage":{"@id":"https:\/\/www.alessandrogenitori.com\/index.php\/2021\/03\/16\/stromboli\/"},"wordCount":1319,"commentCount":1,"publisher":{"@id":"https:\/\/www.alessandrogenitori.com\/#organization"},"image":{"@id":"https:\/\/www.alessandrogenitori.com\/index.php\/2021\/03\/16\/stromboli\/#primaryimage"},"thumbnailUrl":"https:\/\/www.alessandrogenitori.com\/wp-content\/uploads\/2021\/03\/Locadina-4.jpg","articleSection":["BLOG","POPULAR","PRESS"],"inLanguage":"it-IT","potentialAction":[{"@type":"CommentAction","name":"Comment","target":["https:\/\/www.alessandrogenitori.com\/index.php\/2021\/03\/16\/stromboli\/#respond"]}]},{"@type":"WebPage","@id":"https:\/\/www.alessandrogenitori.com\/index.php\/2021\/03\/16\/stromboli\/","url":"https:\/\/www.alessandrogenitori.com\/index.php\/2021\/03\/16\/stromboli\/","name":"Stromboli &#187; Alessandro Genitori","isPartOf":{"@id":"https:\/\/www.alessandrogenitori.com\/#website"},"primaryImageOfPage":{"@id":"https:\/\/www.alessandrogenitori.com\/index.php\/2021\/03\/16\/stromboli\/#primaryimage"},"image":{"@id":"https:\/\/www.alessandrogenitori.com\/index.php\/2021\/03\/16\/stromboli\/#primaryimage"},"thumbnailUrl":"https:\/\/www.alessandrogenitori.com\/wp-content\/uploads\/2021\/03\/Locadina-4.jpg","datePublished":"2021-03-16T11:21:14+00:00","dateModified":"2021-03-16T16:37:20+00:00","description":"\u201cStromboli\u201d \u00e8 un documentario che racconta le sfaccettature di un\u2019isola in bilico tra le sfide del presente ed un antico Vulcano mai domo","breadcrumb":{"@id":"https:\/\/www.alessandrogenitori.com\/index.php\/2021\/03\/16\/stromboli\/#breadcrumb"},"inLanguage":"it-IT","potentialAction":[{"@type":"ReadAction","target":["https:\/\/www.alessandrogenitori.com\/index.php\/2021\/03\/16\/stromboli\/"]}]},{"@type":"ImageObject","inLanguage":"it-IT","@id":"https:\/\/www.alessandrogenitori.com\/index.php\/2021\/03\/16\/stromboli\/#primaryimage","url":"https:\/\/www.alessandrogenitori.com\/wp-content\/uploads\/2021\/03\/Locadina-4.jpg","contentUrl":"https:\/\/www.alessandrogenitori.com\/wp-content\/uploads\/2021\/03\/Locadina-4.jpg","width":1920,"height":964},{"@type":"BreadcrumbList","@id":"https:\/\/www.alessandrogenitori.com\/index.php\/2021\/03\/16\/stromboli\/#breadcrumb","itemListElement":[{"@type":"ListItem","position":1,"name":"Home","item":"https:\/\/www.alessandrogenitori.com\/"},{"@type":"ListItem","position":2,"name":"Stromboli"}]},{"@type":"WebSite","@id":"https:\/\/www.alessandrogenitori.com\/#website","url":"https:\/\/www.alessandrogenitori.com\/","name":"Alessandro Genitori","description":"VIVO RACCONTO CREO","publisher":{"@id":"https:\/\/www.alessandrogenitori.com\/#organization"},"potentialAction":[{"@type":"SearchAction","target":{"@type":"EntryPoint","urlTemplate":"https:\/\/www.alessandrogenitori.com\/?s={search_term_string}"},"query-input":"required name=search_term_string"}],"inLanguage":"it-IT"},{"@type":"Organization","@id":"https:\/\/www.alessandrogenitori.com\/#organization","name":"Alessandro Genitori","url":"https:\/\/www.alessandrogenitori.com\/","logo":{"@type":"ImageObject","inLanguage":"it-IT","@id":"https:\/\/www.alessandrogenitori.com\/#\/schema\/logo\/image\/","url":"https:\/\/www.alessandrogenitori.com\/wp-content\/uploads\/2021\/02\/LOGO_ALE-1.svg","contentUrl":"https:\/\/www.alessandrogenitori.com\/wp-content\/uploads\/2021\/02\/LOGO_ALE-1.svg","width":1,"height":1,"caption":"Alessandro Genitori"},"image":{"@id":"https:\/\/www.alessandrogenitori.com\/#\/schema\/logo\/image\/"},"sameAs":["https:\/\/www.facebook.com\/alessandro.genitori","https:\/\/www.instagram.com\/alegeni\/"]},{"@type":"Person","@id":"https:\/\/www.alessandrogenitori.com\/#\/schema\/person\/cc5c16f7bda40e12fa358d3ab5a1bff1","name":"Alessandro Genitori","image":{"@type":"ImageObject","inLanguage":"it-IT","@id":"https:\/\/www.alessandrogenitori.com\/#\/schema\/person\/image\/","url":"https:\/\/secure.gravatar.com\/avatar\/9d291643d27a52d6af7074282b6b81b3?s=96&d=mm&r=g","contentUrl":"https:\/\/secure.gravatar.com\/avatar\/9d291643d27a52d6af7074282b6b81b3?s=96&d=mm&r=g","caption":"Alessandro Genitori"},"sameAs":["https:\/\/www.alessandrogenitori.com"]}]}},"_links":{"self":[{"href":"https:\/\/www.alessandrogenitori.com\/index.php\/wp-json\/wp\/v2\/posts\/728"}],"collection":[{"href":"https:\/\/www.alessandrogenitori.com\/index.php\/wp-json\/wp\/v2\/posts"}],"about":[{"href":"https:\/\/www.alessandrogenitori.com\/index.php\/wp-json\/wp\/v2\/types\/post"}],"author":[{"embeddable":true,"href":"https:\/\/www.alessandrogenitori.com\/index.php\/wp-json\/wp\/v2\/users\/1"}],"replies":[{"embeddable":true,"href":"https:\/\/www.alessandrogenitori.com\/index.php\/wp-json\/wp\/v2\/comments?post=728"}],"version-history":[{"count":41,"href":"https:\/\/www.alessandrogenitori.com\/index.php\/wp-json\/wp\/v2\/posts\/728\/revisions"}],"predecessor-version":[{"id":798,"href":"https:\/\/www.alessandrogenitori.com\/index.php\/wp-json\/wp\/v2\/posts\/728\/revisions\/798"}],"wp:featuredmedia":[{"embeddable":true,"href":"https:\/\/www.alessandrogenitori.com\/index.php\/wp-json\/wp\/v2\/media\/762"}],"wp:attachment":[{"href":"https:\/\/www.alessandrogenitori.com\/index.php\/wp-json\/wp\/v2\/media?parent=728"}],"wp:term":[{"taxonomy":"category","embeddable":true,"href":"https:\/\/www.alessandrogenitori.com\/index.php\/wp-json\/wp\/v2\/categories?post=728"},{"taxonomy":"post_tag","embeddable":true,"href":"https:\/\/www.alessandrogenitori.com\/index.php\/wp-json\/wp\/v2\/tags?post=728"}],"curies":[{"name":"wp","href":"https:\/\/api.w.org\/{rel}","templated":true}]}}