{"id":1162,"date":"2022-03-02T17:16:27","date_gmt":"2022-03-02T16:16:27","guid":{"rendered":"https:\/\/www.alessandrogenitori.com\/?p=1162"},"modified":"2022-03-03T11:11:23","modified_gmt":"2022-03-03T10:11:23","slug":"galleria-archeologica-musei-reali","status":"publish","type":"post","link":"https:\/\/www.alessandrogenitori.com\/index.php\/2022\/03\/02\/galleria-archeologica-musei-reali\/","title":{"rendered":"Galleria Archeologica &#8211; Musei Reali"},"content":{"rendered":"<p><img decoding=\"async\" src=\"\/wp-content\/uploads\/2022\/03\/intro.jpg\" alt=\"\"><\/p>\n<div>\n<h1 style=\"text-align: center;\">Galleria Archeologica<\/h1>\n<h5 style=\"text-align: center;\">Un volto tanti volti: l&#8217;arte antica ai Musei Reali di Torino<\/h5>\n<\/div>\n<h1>\n<hr \/>\n<\/h1>\n<p><iframe src=\"https:\/\/youtu.be\/MG_2lqJ-r4E\"><\/iframe><\/p>\n<div>\n<h5>Galleria Archeologica: creazione multimediale di una mostra unica<\/h5>\n<p>La nuova Galleria Archeologica dei Musei Reali di Torino \u00e8 stata per me una bellissima sfida. <em>Queste sale sono ricche di oggetti, storie e paesaggi diversi tra loro.<\/em> Ed \u00e8 stata una vera emozione avere l&#8217;incarico di doverle raccontare. Prima di tutto, con la creazione di un video emozionale che potesse descrivere l&#8217;interesse per l&#8217;arte antica da parte dei sovrani nel corso dei secoli.<\/p>\n<p>Parallelamente, ho lavorato per la creazione di un Videowall, su una superfice di due metri e mezzo di altezza per un metro e mezzo di larghezza, primo vero biglietto da visita della mostra per i visitatori.<\/p>\n<p>Infine, la creazione di una Galleria Live con interviste a storici, studiosi, collezionisti, atleti, dando una visione dei reperti antichi esposti a tutto tondo.\u00a0\u00a0<\/p>\n<\/p>\n<\/div>\n<hr>\n<div>\n<h2>Video Emozionale<\/h2>\n<p>La realizzazione del Video Emozionale ha visto prima di tutto il lavoro di squadra con il curatore della mostra: Filippo Masino; sostenuto dal team dei Musei Reali e dalla Direttrice, la dott.ssa Pagella. Abbiamo lavorato sul testo che avrebbe accompagnato il video. La scelta della speaker \u00e8 caduta su Ottavio Coniglio, che con la sua voce ha saputo dare la giusta spinta emotiva al video. Le registrazioni si sono tenute presso Lacumbia, realt\u00e0 torinese che avevo gi\u00e0 avuto il piacere di conoscere in precedenti lavori.<\/p>\n<p>Per arrivare al montaggio delle scene, si \u00e8 deciso di lavorare alla creazione di alcune rappresentazioni storiche. Ci\u00f2 \u00e8 stato possibile grazie all&#8217;attento lavoro delle &#8220;Vie del Tempo&#8221;, che in poche settimane hanno saputo vestire e immedesimare al meglio i loro personaggi. Collocati perfettamente nelle location dei Musei Reali e dell&#8217;Universit\u00e0 di Torino.<\/p>\n<\/div>\n<ul>\n<li>\n<p>        <img decoding=\"async\" src=\"\/wp-content\/uploads\/2022\/03\/rapp-1.jpg\" alt=\"\"><\/p>\n<h3>rapp 1<\/h3>\n<\/li>\n<li>\n<p>        <img decoding=\"async\" src=\"\/wp-content\/uploads\/2022\/03\/rapp-2.jpg\" alt=\"\"><\/p>\n<h3>rapp 2<\/h3>\n<\/li>\n<li>\n<p>        <img decoding=\"async\" src=\"\/wp-content\/uploads\/2022\/03\/rapp-3.jpg\" alt=\"\"><\/p>\n<h3>rapp 3<\/h3>\n<\/li>\n<\/ul>\n<div>\n<h2>VideoWall<\/h2>\n<p>Il video che accoglie i visitatori all&#8217;interno delle sale dei Musei Reali di Torino vuole essere un vero trailer di quello che \u00e8 la nuova Galleria Archeologica. L&#8217;apertura del video con la grafica firmata da &#8220;InTesta&#8221; (del gruppo Armando Testa), evoca l&#8217;incontro dei pezzi unici esposti nel nuovo allestimento, studiato per dare un carattere moderno alle opere del passato. Con un attento studio di prospettive e specchi per poter ammirare le opere da pi\u00f9 angolazioni. Un allestimento che ha ispirato notevolmente tutta la lavorazione del Videowall.\u00a0<\/p>\n<p>Grazie alla collaborazione con lo studio torinese Just Goat, si \u00e8 lavorato per la creazione di un montaggio dinamico andando a narrare la genesi del allestimento. <em>Una storia fatta da persone, re, regine, esploratori e imprenditori, che negli anni hanno esplorato il mondo riportando a Torino le opere che trovavano lungo il loro percorso.<\/em> Ed \u00e8 nelle sale del nuovo allestimento che questi sforzi tornano oggi alla luce. Dalla monumentale testa di Sargon alla pi\u00f9 grande collezione d&#8217;Italia di testi cuneiformi. Opere uniche finalmente in uno spazio che le possa degnamente rappresentare.<\/p>\n<p>Nel video volevamo destare l&#8217;attenzione dello spettatore, pur senza l&#8217;ausilio di una voce narrante o di una colonna sonora. Questo ci ha portato a scegliere un montaggio dinamico, con una sequenza di immagini, mista a scritte che potessero accompagnare la visione del visitatore.<\/p>\n<p>Il risultato che potete vedere \u00e8 la somma di tutte queste necessit\u00e0.\u00a0<\/p>\n<\/div>\n<p><iframe src=\"https:\/\/youtu.be\/xdNrNbcelsw\"><\/iframe><\/p>\n<ul>\n<li>\n<p>        <img decoding=\"async\" src=\"\/wp-content\/uploads\/2022\/03\/Foto-04.jpg\" alt=\"\"><\/p>\n<\/li>\n<li>\n<p>        <img decoding=\"async\" src=\"\/wp-content\/uploads\/2022\/03\/Foto-08.jpg\" alt=\"\"><\/p>\n<\/li>\n<li>\n<p>        <img decoding=\"async\" src=\"\/wp-content\/uploads\/2022\/03\/Foto-03.jpg\" alt=\"\"><\/p>\n<\/li>\n<\/ul>\n<p><iframe src=\"https:\/\/youtu.be\/Yeq6YUMxft0\"><\/iframe><\/p>\n<div>\n<h2>Galleria Live<\/h2>\n<p>Ma cosa significano oggi le opere esposte nella nuova Galleria Archeologica. Con il curatore Filippo Masino, abbiamo rivolto queste domande a protagonisti del mondo della cultura, dello sport, dell\u2019imprenditoria e dell\u2019arte: le voci che abbiamo raccolto sono una fonte straordinaria di stimoli capaci di coinvolgere i visitatori in modo anche inusuale, a partire dai temi delle nostre collezioni.<\/p>\n<p>Le videointerviste, realizzate grazie al montaggio di un apposito set con sfondo nero all&#8217;interno dei Musei Reali, sono oggi a disposizione dei visitatori, attivabili attraverso QRcode collocati nelle diverse sezioni della Galleria e visionabili sul canale YouTube dei Musei Reali. <a href=\"https:\/\/www.alessandrogenitori.com\/index.php\/2022\/03\/03\/galleria-live-musei-reali-torino\/\">Scopri qui tutte le interviste!<\/a><\/p>\n<\/div>\n<p><!--more--><br \/>\n<!-- {\"type\":\"layout\",\"children\":[{\"type\":\"section\",\"props\":{\"style\":\"default\",\"width\":\"default\",\"vertical_align\":\"middle\",\"title_position\":\"top-left\",\"title_rotation\":\"left\",\"title_breakpoint\":\"xl\",\"image_position\":\"center-center\",\"title\":\"Galleria Live\",\"padding_remove_bottom\":true},\"children\":[{\"type\":\"row\",\"children\":[{\"type\":\"column\",\"props\":{\"position_sticky_breakpoint\":\"m\",\"image_position\":\"center-center\",\"media_overlay_gradient\":\"\"},\"children\":[{\"type\":\"image\",\"props\":{\"margin\":\"default\",\"image_svg_color\":\"emphasis\",\"container_padding_remove\":true,\"image\":\"wp-content\\\/uploads\\\/2022\\\/03\\\/intro.jpg\"}},{\"type\":\"text\",\"props\":{\"margin\":\"\",\"column_breakpoint\":\"m\",\"content\":\"\n\n<h1 style=\\\"text-align: center;\\\">Galleria Archeologica<\\\/h1>\\n\n\n<h5 style=\\\"text-align: center;\\\">Un volto tanti volti: l'arte antica ai Musei Reali di Torino<\\\/h5>\",\"text_color\":\"secondary\",\"text_align\":\"center\",\"position\":\"relative\",\"position_right\":\"0\",\"position_bottom\":\"-15\",\"text_size\":\"small\",\"margin_remove_top\":true}},{\"type\":\"headline\",\"props\":{\"title_element\":\"h1\",\"content\":\"\n\n<hr \\\/>\"}}]}]}]},{\"type\":\"section\",\"props\":{\"style\":\"default\",\"width\":\"default\",\"vertical_align\":\"middle\",\"title_position\":\"top-left\",\"title_rotation\":\"left\",\"title_breakpoint\":\"xl\",\"image_position\":\"center-center\",\"overlap\":true,\"padding_remove_top\":true,\"padding_remove_bottom\":true},\"children\":[{\"type\":\"row\",\"props\":{\"layout\":\"1-2,1-2\",\"column_gap\":\"small\",\"row_gap\":\"small\"},\"children\":[{\"type\":\"column\",\"props\":{\"position_sticky_breakpoint\":\"m\",\"image_position\":\"center-center\",\"media_overlay_gradient\":\"\",\"width_medium\":\"1-2\"},\"children\":[{\"type\":\"video\",\"props\":{\"video_controls\":true,\"margin\":\"default\",\"video\":\"https:\\\/\\\/youtu.be\\\/MG_2lqJ-r4E\",\"video_width\":\"1920\",\"video_height\":\"1080\",\"margin_remove_top\":true,\"video_box_shadow\":\"small\"}}]},{\"type\":\"column\",\"props\":{\"position_sticky_breakpoint\":\"m\",\"image_position\":\"center-center\",\"media_overlay_gradient\":\"\",\"width_medium\":\"1-2\"},\"children\":[{\"type\":\"text\",\"props\":{\"margin\":\"default\",\"column_breakpoint\":\"m\",\"content\":\"\n\n<h5>Galleria Archeologica: creazione multimediale di una mostra unica<\\\/h5>\\n\n\n<p>La nuova Galleria Archeologica dei Musei Reali di Torino \\u00e8 stata per me una bellissima sfida. <em>Queste sale sono ricche di oggetti, storie e paesaggi diversi tra loro.<\\\/em> Ed \\u00e8 stata una vera emozione avere l'incarico di doverle raccontare. Prima di tutto, con la creazione di un video emozionale che potesse descrivere l'interesse per l'arte antica da parte dei sovrani nel corso dei secoli.<\\\/p>\\n\n\n<p>Parallelamente, ho lavorato per la creazione di un Videowall, su una superfice di due metri e mezzo di altezza per un metro e mezzo di larghezza, primo vero biglietto da visita della mostra per i visitatori.<\\\/p>\\n\n\n<p>Infine, la creazione di una Galleria Live con interviste a storici, studiosi, collezionisti, atleti, dando una visione dei reperti antichi esposti a tutto tondo.\\u00a0\\u00a0<\\\/p>\\n\n\n<p><\\\/p>\"}}]}]}]},{\"type\":\"section\",\"props\":{\"style\":\"default\",\"width\":\"default\",\"vertical_align\":\"middle\",\"title_position\":\"top-left\",\"title_rotation\":\"left\",\"title_breakpoint\":\"xl\",\"image_position\":\"center-center\",\"padding_remove_top\":true,\"padding_remove_bottom\":true},\"children\":[{\"type\":\"row\",\"children\":[{\"type\":\"column\",\"props\":{\"position_sticky_breakpoint\":\"m\",\"image_position\":\"center-center\",\"media_overlay_gradient\":\"\"},\"children\":[{\"type\":\"divider\",\"props\":{\"divider_element\":\"hr\",\"margin\":\"xlarge\",\"margin_remove_bottom\":true,\"divider_style\":\"\"}},{\"type\":\"text\",\"props\":{\"margin\":\"default\",\"column_breakpoint\":\"m\",\"content\":\"\n\n<h2>Video Emozionale<\\\/h2>\\n\n\n<p>La realizzazione del Video Emozionale ha visto prima di tutto il lavoro di squadra con il curatore della mostra: Filippo Masino; sostenuto dal team dei Musei Reali e dalla Direttrice, la dott.ssa Pagella. Abbiamo lavorato sul testo che avrebbe accompagnato il video. La scelta della speaker \\u00e8 caduta su Ottavio Coniglio, che con la sua voce ha saputo dare la giusta spinta emotiva al video. Le registrazioni si sono tenute presso Lacumbia, realt\\u00e0 torinese che avevo gi\\u00e0 avuto il piacere di conoscere in precedenti lavori.<\\\/p>\\n\n\n<p>Per arrivare al montaggio delle scene, si \\u00e8 deciso di lavorare alla creazione di alcune rappresentazioni storiche. Ci\\u00f2 \\u00e8 stato possibile grazie all'attento lavoro delle \\\"Vie del Tempo\\\", che in poche settimane hanno saputo vestire e immedesimare al meglio i loro personaggi. Collocati perfettamente nelle location dei Musei Reali e dell'Universit\\u00e0 di Torino.<\\\/p>\"}},{\"type\":\"gallery\",\"props\":{\"show_title\":false,\"show_meta\":false,\"show_content\":false,\"show_link\":false,\"show_hover_image\":false,\"grid_default\":\"1\",\"grid_medium\":\"3\",\"filter_style\":\"tab\",\"filter_all\":true,\"filter_position\":\"top\",\"filter_align\":\"left\",\"filter_grid_width\":\"auto\",\"filter_grid_breakpoint\":\"m\",\"overlay_mode\":\"cover\",\"overlay_hover\":true,\"overlay_style\":\"overlay-primary\",\"text_color\":\"light\",\"overlay_position\":\"center\",\"overlay_transition\":\"fade\",\"title_hover_style\":\"reset\",\"title_element\":\"h3\",\"meta_style\":\"meta\",\"meta_align\":\"below-title\",\"meta_element\":\"div\",\"link_text\":\"Read more\",\"link_style\":\"default\",\"text_align\":\"center\",\"margin\":\"default\",\"item_animation\":true},\"children\":[{\"type\":\"gallery_item\",\"props\":{\"title\":\"rapp 1\",\"image\":\"wp-content\\\/uploads\\\/2022\\\/03\\\/rapp-1.jpg\"}},{\"type\":\"gallery_item\",\"props\":{\"title\":\"rapp 2\",\"image\":\"wp-content\\\/uploads\\\/2022\\\/03\\\/rapp-2.jpg\"}},{\"type\":\"gallery_item\",\"props\":{\"title\":\"rapp 3\",\"image\":\"wp-content\\\/uploads\\\/2022\\\/03\\\/rapp-3.jpg\"}}]}]}]}]},{\"type\":\"section\",\"props\":{\"style\":\"default\",\"width\":\"default\",\"vertical_align\":\"middle\",\"title_position\":\"top-left\",\"title_rotation\":\"left\",\"title_breakpoint\":\"xl\",\"image_position\":\"center-center\"},\"children\":[{\"type\":\"row\",\"children\":[{\"type\":\"column\",\"props\":{\"position_sticky_breakpoint\":\"m\",\"image_position\":\"center-center\",\"media_overlay_gradient\":\"\",\"width_medium\":\"3-4\"},\"children\":[{\"type\":\"text\",\"props\":{\"margin\":\"default\",\"column_breakpoint\":\"m\",\"content\":\"\n\n<h2>VideoWall<\\\/h2>\\n\n\n<p>Il video che accoglie i visitatori all'interno delle sale dei Musei Reali di Torino vuole essere un vero trailer di quello che \\u00e8 la nuova Galleria Archeologica. L'apertura del video con la grafica firmata da \\\"InTesta\\\" (del gruppo Armando Testa), evoca l'incontro dei pezzi unici esposti nel nuovo allestimento, studiato per dare un carattere moderno alle opere del passato. Con un attento studio di prospettive e specchi per poter ammirare le opere da pi\\u00f9 angolazioni. Un allestimento che ha ispirato notevolmente tutta la lavorazione del Videowall.\\u00a0<\\\/p>\\n\n\n<p>Grazie alla collaborazione con lo studio torinese Just Goat, si \\u00e8 lavorato per la creazione di un montaggio dinamico andando a narrare la genesi del allestimento. <em>Una storia fatta da persone, re, regine, esploratori e imprenditori, che negli anni hanno esplorato il mondo riportando a Torino le opere che trovavano lungo il loro percorso.<\\\/em> Ed \\u00e8 nelle sale del nuovo allestimento che questi sforzi tornano oggi alla luce. Dalla monumentale testa di Sargon alla pi\\u00f9 grande collezione d'Italia di testi cuneiformi. Opere uniche finalmente in uno spazio che le possa degnamente rappresentare.<\\\/p>\\n\n\n<p>Nel video volevamo destare l'attenzione dello spettatore, pur senza l'ausilio di una voce narrante o di una colonna sonora. Questo ci ha portato a scegliere un montaggio dinamico, con una sequenza di immagini, mista a scritte che potessero accompagnare la visione del visitatore.<\\\/p>\\n\n\n<p>Il risultato che potete vedere \\u00e8 la somma di tutte queste necessit\\u00e0.\\u00a0<\\\/p>\"}}]},{\"type\":\"column\",\"props\":{\"position_sticky_breakpoint\":\"m\",\"image_position\":\"center-center\",\"media_overlay_gradient\":\"\",\"width_medium\":\"1-4\"},\"children\":[{\"type\":\"video\",\"props\":{\"video_controls\":true,\"margin\":\"default\",\"video\":\"https:\\\/\\\/youtu.be\\\/xdNrNbcelsw\",\"video_width\":\"1080\",\"video_height\":\"1920\"}}]}],\"props\":{\"layout\":\"3-4,1-4\",\"margin_remove_bottom\":true}},{\"type\":\"row\",\"children\":[{\"type\":\"column\",\"props\":{\"position_sticky_breakpoint\":\"m\",\"image_position\":\"center-center\",\"media_overlay_gradient\":\"\"},\"children\":[{\"type\":\"gallery\",\"props\":{\"show_title\":false,\"show_meta\":false,\"show_content\":false,\"show_link\":false,\"show_hover_image\":false,\"grid_default\":\"1\",\"grid_medium\":\"3\",\"filter_style\":\"tab\",\"filter_all\":true,\"filter_position\":\"top\",\"filter_align\":\"left\",\"filter_grid_width\":\"auto\",\"filter_grid_breakpoint\":\"m\",\"overlay_mode\":\"cover\",\"overlay_hover\":true,\"overlay_style\":\"overlay-primary\",\"text_color\":\"light\",\"overlay_position\":\"center\",\"overlay_transition\":\"fade\",\"title_hover_style\":\"reset\",\"title_element\":\"h3\",\"meta_style\":\"meta\",\"meta_align\":\"below-title\",\"meta_element\":\"div\",\"link_text\":\"Read more\",\"link_style\":\"default\",\"text_align\":\"center\",\"margin\":\"default\",\"item_animation\":true},\"children\":[{\"type\":\"gallery_item\",\"props\":{\"image\":\"wp-content\\\/uploads\\\/2022\\\/03\\\/Foto-04.jpg\"}},{\"type\":\"gallery_item\",\"props\":{\"image\":\"wp-content\\\/uploads\\\/2022\\\/03\\\/Foto-08.jpg\"}},{\"type\":\"gallery_item\",\"props\":{\"image\":\"wp-content\\\/uploads\\\/2022\\\/03\\\/Foto-03.jpg\"}}]}]}]}]},{\"type\":\"section\",\"props\":{\"style\":\"default\",\"width\":\"default\",\"vertical_align\":\"middle\",\"title_position\":\"top-left\",\"title_rotation\":\"left\",\"title_breakpoint\":\"xl\",\"image_position\":\"center-center\",\"padding_remove_top\":true},\"children\":[{\"type\":\"row\",\"props\":{\"layout\":\"1-2,1-2\",\"margin_remove_top\":true,\"margin_remove_bottom\":true},\"children\":[{\"type\":\"column\",\"props\":{\"position_sticky_breakpoint\":\"m\",\"image_position\":\"center-center\",\"media_overlay_gradient\":\"\",\"width_medium\":\"1-2\"},\"children\":[{\"type\":\"video\",\"props\":{\"video_controls\":true,\"margin\":\"default\",\"video\":\"https:\\\/\\\/youtu.be\\\/Yeq6YUMxft0\",\"video_width\":\"1920\",\"video_height\":\"1080\"}}]},{\"type\":\"column\",\"props\":{\"position_sticky_breakpoint\":\"m\",\"image_position\":\"center-center\",\"media_overlay_gradient\":\"\",\"width_medium\":\"1-2\"},\"children\":[{\"type\":\"text\",\"props\":{\"margin\":\"default\",\"column_breakpoint\":\"m\",\"content\":\"\n\n<h2>Galleria Live<\\\/h2>\\n\n\n<p>Ma cosa significano oggi le opere esposte nella nuova Galleria Archeologica. Con il curatore Filippo Masino, abbiamo rivolto queste domande a protagonisti del mondo della cultura, dello sport, dell\\u2019imprenditoria e dell\\u2019arte: le voci che abbiamo raccolto sono una fonte straordinaria di stimoli capaci di coinvolgere i visitatori in modo anche inusuale, a partire dai temi delle nostre collezioni.<\\\/p>\\n\n\n<p>Le videointerviste, realizzate grazie al montaggio di un apposito set con sfondo nero all'interno dei Musei Reali, sono oggi a disposizione dei visitatori, attivabili attraverso QRcode collocati nelle diverse sezioni della Galleria e visionabili sul canale YouTube dei Musei Reali. <a href=\\\"https:\\\/\\\/www.alessandrogenitori.com\\\/index.php\\\/2022\\\/03\\\/03\\\/galleria-live-musei-reali-torino\\\/\\\">Scopri qui tutte le interviste!<\\\/a><\\\/p>\"}}]}]}]},{\"type\":\"section\",\"props\":{\"style\":\"default\",\"width\":\"default\",\"vertical_align\":\"middle\",\"title_position\":\"top-left\",\"title_rotation\":\"left\",\"title_breakpoint\":\"xl\",\"image_position\":\"center-center\"},\"children\":[{\"type\":\"row\",\"children\":[{\"type\":\"column\",\"props\":{\"position_sticky_breakpoint\":\"m\",\"image_position\":\"center-center\",\"media_overlay_gradient\":\"\"},\"children\":[{\"type\":\"pagination\",\"props\":{\"pagination_type\":\"previous\\\/next\",\"text_align\":\"center\"}}]}]}]}],\"version\":\"2.7.15\"} --><\/p>\n","protected":false},"excerpt":{"rendered":"<p>Galleria Archeologica Un volto tanti volti: l&#8217;arte antica ai Musei Reali di Torino Galleria Archeologica: creazione multimediale di una mostra unica La nuova Galleria Archeologica dei Musei Reali di Torino \u00e8 stata per me una bellissima sfida. Queste sale sono ricche di oggetti, storie e paesaggi diversi tra loro. Ed \u00e8 stata una vera emozione [&hellip;]<\/p>\n","protected":false},"author":1,"featured_media":1164,"comment_status":"open","ping_status":"open","sticky":false,"template":"","format":"standard","meta":{"footnotes":""},"categories":[1,3],"tags":[25,27,26,18,24],"yoast_head":"<!-- This site is optimized with the Yoast SEO plugin v22.6 - https:\/\/yoast.com\/wordpress\/plugins\/seo\/ -->\r\n<title>Galleria Archeologica - Musei Reali &#187; Alessandro Genitori<\/title>\r\n<meta name=\"description\" content=\"Creazione di un percorso multimediale con interviste e video per la nuova Galleria Archeologica dei Musei Reali di Torino.\" \/>\r\n<meta name=\"robots\" content=\"index, follow, max-snippet:-1, max-image-preview:large, max-video-preview:-1\" \/>\r\n<link rel=\"canonical\" href=\"https:\/\/www.alessandrogenitori.com\/index.php\/2022\/03\/02\/galleria-archeologica-musei-reali\/\" \/>\r\n<meta property=\"og:locale\" content=\"it_IT\" \/>\r\n<meta property=\"og:type\" content=\"article\" \/>\r\n<meta property=\"og:title\" content=\"Galleria Archeologica - Musei Reali &#187; Alessandro Genitori\" \/>\r\n<meta property=\"og:description\" content=\"Creazione di un percorso multimediale con interviste e video per la nuova Galleria Archeologica dei Musei Reali di Torino.\" \/>\r\n<meta property=\"og:url\" content=\"https:\/\/www.alessandrogenitori.com\/index.php\/2022\/03\/02\/galleria-archeologica-musei-reali\/\" \/>\r\n<meta property=\"og:site_name\" content=\"Alessandro Genitori\" \/>\r\n<meta property=\"article:publisher\" content=\"https:\/\/www.facebook.com\/alessandro.genitori\" \/>\r\n<meta property=\"article:published_time\" content=\"2022-03-02T16:16:27+00:00\" \/>\r\n<meta property=\"article:modified_time\" content=\"2022-03-03T10:11:23+00:00\" \/>\r\n<meta property=\"og:image\" content=\"https:\/\/www.alessandrogenitori.com\/wp-content\/uploads\/2022\/03\/intro.jpg\" \/>\r\n\t<meta property=\"og:image:width\" content=\"1902\" \/>\r\n\t<meta property=\"og:image:height\" content=\"931\" \/>\r\n\t<meta property=\"og:image:type\" content=\"image\/jpeg\" \/>\r\n<meta name=\"author\" content=\"Alessandro Genitori\" \/>\r\n<meta name=\"twitter:card\" content=\"summary_large_image\" \/>\r\n<meta name=\"twitter:label1\" content=\"Scritto da\" \/>\n\t<meta name=\"twitter:data1\" content=\"Alessandro Genitori\" \/>\n\t<meta name=\"twitter:label2\" content=\"Tempo di lettura stimato\" \/>\n\t<meta name=\"twitter:data2\" content=\"3 minuti\" \/>\r\n<script type=\"application\/ld+json\" class=\"yoast-schema-graph\">{\"@context\":\"https:\/\/schema.org\",\"@graph\":[{\"@type\":\"Article\",\"@id\":\"https:\/\/www.alessandrogenitori.com\/index.php\/2022\/03\/02\/galleria-archeologica-musei-reali\/#article\",\"isPartOf\":{\"@id\":\"https:\/\/www.alessandrogenitori.com\/index.php\/2022\/03\/02\/galleria-archeologica-musei-reali\/\"},\"author\":{\"name\":\"Alessandro Genitori\",\"@id\":\"https:\/\/www.alessandrogenitori.com\/#\/schema\/person\/cc5c16f7bda40e12fa358d3ab5a1bff1\"},\"headline\":\"Galleria Archeologica &#8211; Musei Reali\",\"datePublished\":\"2022-03-02T16:16:27+00:00\",\"dateModified\":\"2022-03-03T10:11:23+00:00\",\"mainEntityOfPage\":{\"@id\":\"https:\/\/www.alessandrogenitori.com\/index.php\/2022\/03\/02\/galleria-archeologica-musei-reali\/\"},\"wordCount\":626,\"commentCount\":1,\"publisher\":{\"@id\":\"https:\/\/www.alessandrogenitori.com\/#organization\"},\"image\":{\"@id\":\"https:\/\/www.alessandrogenitori.com\/index.php\/2022\/03\/02\/galleria-archeologica-musei-reali\/#primaryimage\"},\"thumbnailUrl\":\"https:\/\/www.alessandrogenitori.com\/wp-content\/uploads\/2022\/03\/intro.jpg\",\"keywords\":[\"Galleria\",\"Intervista\",\"Multimediale\",\"Musei Reali\",\"Torino\"],\"articleSection\":[\"BLOG\",\"VIDEO\"],\"inLanguage\":\"it-IT\",\"potentialAction\":[{\"@type\":\"CommentAction\",\"name\":\"Comment\",\"target\":[\"https:\/\/www.alessandrogenitori.com\/index.php\/2022\/03\/02\/galleria-archeologica-musei-reali\/#respond\"]}]},{\"@type\":\"WebPage\",\"@id\":\"https:\/\/www.alessandrogenitori.com\/index.php\/2022\/03\/02\/galleria-archeologica-musei-reali\/\",\"url\":\"https:\/\/www.alessandrogenitori.com\/index.php\/2022\/03\/02\/galleria-archeologica-musei-reali\/\",\"name\":\"Galleria Archeologica - Musei Reali &#187; Alessandro Genitori\",\"isPartOf\":{\"@id\":\"https:\/\/www.alessandrogenitori.com\/#website\"},\"primaryImageOfPage\":{\"@id\":\"https:\/\/www.alessandrogenitori.com\/index.php\/2022\/03\/02\/galleria-archeologica-musei-reali\/#primaryimage\"},\"image\":{\"@id\":\"https:\/\/www.alessandrogenitori.com\/index.php\/2022\/03\/02\/galleria-archeologica-musei-reali\/#primaryimage\"},\"thumbnailUrl\":\"https:\/\/www.alessandrogenitori.com\/wp-content\/uploads\/2022\/03\/intro.jpg\",\"datePublished\":\"2022-03-02T16:16:27+00:00\",\"dateModified\":\"2022-03-03T10:11:23+00:00\",\"description\":\"Creazione di un percorso multimediale con interviste e video per la nuova Galleria Archeologica dei Musei Reali di Torino.\",\"breadcrumb\":{\"@id\":\"https:\/\/www.alessandrogenitori.com\/index.php\/2022\/03\/02\/galleria-archeologica-musei-reali\/#breadcrumb\"},\"inLanguage\":\"it-IT\",\"potentialAction\":[{\"@type\":\"ReadAction\",\"target\":[\"https:\/\/www.alessandrogenitori.com\/index.php\/2022\/03\/02\/galleria-archeologica-musei-reali\/\"]}]},{\"@type\":\"ImageObject\",\"inLanguage\":\"it-IT\",\"@id\":\"https:\/\/www.alessandrogenitori.com\/index.php\/2022\/03\/02\/galleria-archeologica-musei-reali\/#primaryimage\",\"url\":\"https:\/\/www.alessandrogenitori.com\/wp-content\/uploads\/2022\/03\/intro.jpg\",\"contentUrl\":\"https:\/\/www.alessandrogenitori.com\/wp-content\/uploads\/2022\/03\/intro.jpg\",\"width\":1902,\"height\":931},{\"@type\":\"BreadcrumbList\",\"@id\":\"https:\/\/www.alessandrogenitori.com\/index.php\/2022\/03\/02\/galleria-archeologica-musei-reali\/#breadcrumb\",\"itemListElement\":[{\"@type\":\"ListItem\",\"position\":1,\"name\":\"Home\",\"item\":\"https:\/\/www.alessandrogenitori.com\/\"},{\"@type\":\"ListItem\",\"position\":2,\"name\":\"Galleria Archeologica &#8211; Musei Reali\"}]},{\"@type\":\"WebSite\",\"@id\":\"https:\/\/www.alessandrogenitori.com\/#website\",\"url\":\"https:\/\/www.alessandrogenitori.com\/\",\"name\":\"Alessandro Genitori\",\"description\":\"VIVO RACCONTO CREO\",\"publisher\":{\"@id\":\"https:\/\/www.alessandrogenitori.com\/#organization\"},\"potentialAction\":[{\"@type\":\"SearchAction\",\"target\":{\"@type\":\"EntryPoint\",\"urlTemplate\":\"https:\/\/www.alessandrogenitori.com\/?s={search_term_string}\"},\"query-input\":\"required name=search_term_string\"}],\"inLanguage\":\"it-IT\"},{\"@type\":\"Organization\",\"@id\":\"https:\/\/www.alessandrogenitori.com\/#organization\",\"name\":\"Alessandro Genitori\",\"url\":\"https:\/\/www.alessandrogenitori.com\/\",\"logo\":{\"@type\":\"ImageObject\",\"inLanguage\":\"it-IT\",\"@id\":\"https:\/\/www.alessandrogenitori.com\/#\/schema\/logo\/image\/\",\"url\":\"https:\/\/www.alessandrogenitori.com\/wp-content\/uploads\/2021\/02\/LOGO_ALE-1.svg\",\"contentUrl\":\"https:\/\/www.alessandrogenitori.com\/wp-content\/uploads\/2021\/02\/LOGO_ALE-1.svg\",\"width\":1,\"height\":1,\"caption\":\"Alessandro Genitori\"},\"image\":{\"@id\":\"https:\/\/www.alessandrogenitori.com\/#\/schema\/logo\/image\/\"},\"sameAs\":[\"https:\/\/www.facebook.com\/alessandro.genitori\",\"https:\/\/www.instagram.com\/alegeni\/\"]},{\"@type\":\"Person\",\"@id\":\"https:\/\/www.alessandrogenitori.com\/#\/schema\/person\/cc5c16f7bda40e12fa358d3ab5a1bff1\",\"name\":\"Alessandro Genitori\",\"image\":{\"@type\":\"ImageObject\",\"inLanguage\":\"it-IT\",\"@id\":\"https:\/\/www.alessandrogenitori.com\/#\/schema\/person\/image\/\",\"url\":\"https:\/\/secure.gravatar.com\/avatar\/9d291643d27a52d6af7074282b6b81b3?s=96&d=mm&r=g\",\"contentUrl\":\"https:\/\/secure.gravatar.com\/avatar\/9d291643d27a52d6af7074282b6b81b3?s=96&d=mm&r=g\",\"caption\":\"Alessandro Genitori\"},\"sameAs\":[\"https:\/\/www.alessandrogenitori.com\"]}]}<\/script>\r\n<!-- \/ Yoast SEO plugin. -->","yoast_head_json":{"title":"Galleria Archeologica - Musei Reali &#187; Alessandro Genitori","description":"Creazione di un percorso multimediale con interviste e video per la nuova Galleria Archeologica dei Musei Reali di Torino.","robots":{"index":"index","follow":"follow","max-snippet":"max-snippet:-1","max-image-preview":"max-image-preview:large","max-video-preview":"max-video-preview:-1"},"canonical":"https:\/\/www.alessandrogenitori.com\/index.php\/2022\/03\/02\/galleria-archeologica-musei-reali\/","og_locale":"it_IT","og_type":"article","og_title":"Galleria Archeologica - Musei Reali &#187; Alessandro Genitori","og_description":"Creazione di un percorso multimediale con interviste e video per la nuova Galleria Archeologica dei Musei Reali di Torino.","og_url":"https:\/\/www.alessandrogenitori.com\/index.php\/2022\/03\/02\/galleria-archeologica-musei-reali\/","og_site_name":"Alessandro Genitori","article_publisher":"https:\/\/www.facebook.com\/alessandro.genitori","article_published_time":"2022-03-02T16:16:27+00:00","article_modified_time":"2022-03-03T10:11:23+00:00","og_image":[{"width":1902,"height":931,"url":"https:\/\/www.alessandrogenitori.com\/wp-content\/uploads\/2022\/03\/intro.jpg","type":"image\/jpeg"}],"author":"Alessandro Genitori","twitter_card":"summary_large_image","twitter_misc":{"Scritto da":"Alessandro Genitori","Tempo di lettura stimato":"3 minuti"},"schema":{"@context":"https:\/\/schema.org","@graph":[{"@type":"Article","@id":"https:\/\/www.alessandrogenitori.com\/index.php\/2022\/03\/02\/galleria-archeologica-musei-reali\/#article","isPartOf":{"@id":"https:\/\/www.alessandrogenitori.com\/index.php\/2022\/03\/02\/galleria-archeologica-musei-reali\/"},"author":{"name":"Alessandro Genitori","@id":"https:\/\/www.alessandrogenitori.com\/#\/schema\/person\/cc5c16f7bda40e12fa358d3ab5a1bff1"},"headline":"Galleria Archeologica &#8211; Musei Reali","datePublished":"2022-03-02T16:16:27+00:00","dateModified":"2022-03-03T10:11:23+00:00","mainEntityOfPage":{"@id":"https:\/\/www.alessandrogenitori.com\/index.php\/2022\/03\/02\/galleria-archeologica-musei-reali\/"},"wordCount":626,"commentCount":1,"publisher":{"@id":"https:\/\/www.alessandrogenitori.com\/#organization"},"image":{"@id":"https:\/\/www.alessandrogenitori.com\/index.php\/2022\/03\/02\/galleria-archeologica-musei-reali\/#primaryimage"},"thumbnailUrl":"https:\/\/www.alessandrogenitori.com\/wp-content\/uploads\/2022\/03\/intro.jpg","keywords":["Galleria","Intervista","Multimediale","Musei Reali","Torino"],"articleSection":["BLOG","VIDEO"],"inLanguage":"it-IT","potentialAction":[{"@type":"CommentAction","name":"Comment","target":["https:\/\/www.alessandrogenitori.com\/index.php\/2022\/03\/02\/galleria-archeologica-musei-reali\/#respond"]}]},{"@type":"WebPage","@id":"https:\/\/www.alessandrogenitori.com\/index.php\/2022\/03\/02\/galleria-archeologica-musei-reali\/","url":"https:\/\/www.alessandrogenitori.com\/index.php\/2022\/03\/02\/galleria-archeologica-musei-reali\/","name":"Galleria Archeologica - Musei Reali &#187; Alessandro Genitori","isPartOf":{"@id":"https:\/\/www.alessandrogenitori.com\/#website"},"primaryImageOfPage":{"@id":"https:\/\/www.alessandrogenitori.com\/index.php\/2022\/03\/02\/galleria-archeologica-musei-reali\/#primaryimage"},"image":{"@id":"https:\/\/www.alessandrogenitori.com\/index.php\/2022\/03\/02\/galleria-archeologica-musei-reali\/#primaryimage"},"thumbnailUrl":"https:\/\/www.alessandrogenitori.com\/wp-content\/uploads\/2022\/03\/intro.jpg","datePublished":"2022-03-02T16:16:27+00:00","dateModified":"2022-03-03T10:11:23+00:00","description":"Creazione di un percorso multimediale con interviste e video per la nuova Galleria Archeologica dei Musei Reali di Torino.","breadcrumb":{"@id":"https:\/\/www.alessandrogenitori.com\/index.php\/2022\/03\/02\/galleria-archeologica-musei-reali\/#breadcrumb"},"inLanguage":"it-IT","potentialAction":[{"@type":"ReadAction","target":["https:\/\/www.alessandrogenitori.com\/index.php\/2022\/03\/02\/galleria-archeologica-musei-reali\/"]}]},{"@type":"ImageObject","inLanguage":"it-IT","@id":"https:\/\/www.alessandrogenitori.com\/index.php\/2022\/03\/02\/galleria-archeologica-musei-reali\/#primaryimage","url":"https:\/\/www.alessandrogenitori.com\/wp-content\/uploads\/2022\/03\/intro.jpg","contentUrl":"https:\/\/www.alessandrogenitori.com\/wp-content\/uploads\/2022\/03\/intro.jpg","width":1902,"height":931},{"@type":"BreadcrumbList","@id":"https:\/\/www.alessandrogenitori.com\/index.php\/2022\/03\/02\/galleria-archeologica-musei-reali\/#breadcrumb","itemListElement":[{"@type":"ListItem","position":1,"name":"Home","item":"https:\/\/www.alessandrogenitori.com\/"},{"@type":"ListItem","position":2,"name":"Galleria Archeologica &#8211; Musei Reali"}]},{"@type":"WebSite","@id":"https:\/\/www.alessandrogenitori.com\/#website","url":"https:\/\/www.alessandrogenitori.com\/","name":"Alessandro Genitori","description":"VIVO RACCONTO CREO","publisher":{"@id":"https:\/\/www.alessandrogenitori.com\/#organization"},"potentialAction":[{"@type":"SearchAction","target":{"@type":"EntryPoint","urlTemplate":"https:\/\/www.alessandrogenitori.com\/?s={search_term_string}"},"query-input":"required name=search_term_string"}],"inLanguage":"it-IT"},{"@type":"Organization","@id":"https:\/\/www.alessandrogenitori.com\/#organization","name":"Alessandro Genitori","url":"https:\/\/www.alessandrogenitori.com\/","logo":{"@type":"ImageObject","inLanguage":"it-IT","@id":"https:\/\/www.alessandrogenitori.com\/#\/schema\/logo\/image\/","url":"https:\/\/www.alessandrogenitori.com\/wp-content\/uploads\/2021\/02\/LOGO_ALE-1.svg","contentUrl":"https:\/\/www.alessandrogenitori.com\/wp-content\/uploads\/2021\/02\/LOGO_ALE-1.svg","width":1,"height":1,"caption":"Alessandro Genitori"},"image":{"@id":"https:\/\/www.alessandrogenitori.com\/#\/schema\/logo\/image\/"},"sameAs":["https:\/\/www.facebook.com\/alessandro.genitori","https:\/\/www.instagram.com\/alegeni\/"]},{"@type":"Person","@id":"https:\/\/www.alessandrogenitori.com\/#\/schema\/person\/cc5c16f7bda40e12fa358d3ab5a1bff1","name":"Alessandro Genitori","image":{"@type":"ImageObject","inLanguage":"it-IT","@id":"https:\/\/www.alessandrogenitori.com\/#\/schema\/person\/image\/","url":"https:\/\/secure.gravatar.com\/avatar\/9d291643d27a52d6af7074282b6b81b3?s=96&d=mm&r=g","contentUrl":"https:\/\/secure.gravatar.com\/avatar\/9d291643d27a52d6af7074282b6b81b3?s=96&d=mm&r=g","caption":"Alessandro Genitori"},"sameAs":["https:\/\/www.alessandrogenitori.com"]}]}},"_links":{"self":[{"href":"https:\/\/www.alessandrogenitori.com\/index.php\/wp-json\/wp\/v2\/posts\/1162"}],"collection":[{"href":"https:\/\/www.alessandrogenitori.com\/index.php\/wp-json\/wp\/v2\/posts"}],"about":[{"href":"https:\/\/www.alessandrogenitori.com\/index.php\/wp-json\/wp\/v2\/types\/post"}],"author":[{"embeddable":true,"href":"https:\/\/www.alessandrogenitori.com\/index.php\/wp-json\/wp\/v2\/users\/1"}],"replies":[{"embeddable":true,"href":"https:\/\/www.alessandrogenitori.com\/index.php\/wp-json\/wp\/v2\/comments?post=1162"}],"version-history":[{"count":12,"href":"https:\/\/www.alessandrogenitori.com\/index.php\/wp-json\/wp\/v2\/posts\/1162\/revisions"}],"predecessor-version":[{"id":1197,"href":"https:\/\/www.alessandrogenitori.com\/index.php\/wp-json\/wp\/v2\/posts\/1162\/revisions\/1197"}],"wp:featuredmedia":[{"embeddable":true,"href":"https:\/\/www.alessandrogenitori.com\/index.php\/wp-json\/wp\/v2\/media\/1164"}],"wp:attachment":[{"href":"https:\/\/www.alessandrogenitori.com\/index.php\/wp-json\/wp\/v2\/media?parent=1162"}],"wp:term":[{"taxonomy":"category","embeddable":true,"href":"https:\/\/www.alessandrogenitori.com\/index.php\/wp-json\/wp\/v2\/categories?post=1162"},{"taxonomy":"post_tag","embeddable":true,"href":"https:\/\/www.alessandrogenitori.com\/index.php\/wp-json\/wp\/v2\/tags?post=1162"}],"curies":[{"name":"wp","href":"https:\/\/api.w.org\/{rel}","templated":true}]}}