{"id":1105,"date":"2021-11-30T17:50:23","date_gmt":"2021-11-30T16:50:23","guid":{"rendered":"https:\/\/www.alessandrogenitori.com\/?p=1105"},"modified":"2021-12-01T17:21:10","modified_gmt":"2021-12-01T16:21:10","slug":"notizie-in-trincea-persi-in-una-guerra-senza-vinti-e-vincitori","status":"publish","type":"post","link":"https:\/\/www.alessandrogenitori.com\/index.php\/2021\/11\/30\/notizie-in-trincea-persi-in-una-guerra-senza-vinti-e-vincitori\/","title":{"rendered":"Notizie in trincea, persi in una guerra senza vinti e vincitori"},"content":{"rendered":"<h1>\n<h2 style=\"text-align: center;\">Notizie in trincea<br \/>Persi in una guerra senza vinti e vincitori<\/h2>\n<\/h1>\n<div>\n<p><time datetime=\"2017-01-03T13:52:00+00:00\">30 Novembre, 2021<\/time>\u00a0 |\u00a0 Alessandro Genitori<\/p>\n<\/div>\n<p><img decoding=\"async\" src=\"\/wp-content\/uploads\/2021\/11\/titolo.jpg\" alt=\"Stop fake news\"><\/p>\n<div>\n<h4>Ci sono mille punti da cui potrei partire per scrivere questi pensieri sparsi. La necessit\u00e0, di comunicare un pensiero, un turbamento. La consapevolezza di non sentirmi pi\u00f9 a mio agio nella comunicazione che giornalmente mi assale, tra media, social e la quantit\u00e0 di notizie che, pi\u00f9 o meno subdolamente, il web mi propina ogni volta che navigo nel marasma di quella che \u00e8 oggi \u201cla rete\u201d.<\/h4>\n<\/div>\n<div>\n<p>Siamo invasi dalle notizie. Arrivano incontrollate da ogni parte. E noi restiamo &#8220;in trincea&#8221;, a cercare di dipanare la matassa di una guerra senza vinti e vincitori. Qualche giorno fa, durante il 60\u00b0 congresso della Societ\u00e0 Italiana delle Neuroscienze, ho avuto il piacere di ascoltare la lezione magistrale di <strong>Sergio Della Sala. Neuroscienziato, accademico all\u2019universit\u00e0 di Edimburgo<\/strong>, che con Piero Angela ha fondato il CICAP (<em>Comitato italiano per il controllo delle affermazioni sulle pseudoscienze<\/em>). Chiacchierando con lui per un articolo su \u201cneuroscienze e fakenews\u201d, mi ha colpito una sua dichiarazione.<\/p>\n<\/div>\n<blockquote>\n<p>\u201cLeggere scienza \u00e8 gi\u00e0 difficile di per s\u00e9, per\u00f2 leggerla attraverso internet \u00e8 come avere sete e decidere di andare a bere direttamente da un idrante\u201d<\/p>\n<footer>\n<p>                <cite>Sergio Della Sala. Neuroscienziato<\/cite><\/p>\n<\/footer>\n<\/blockquote>\n<div>\n<p>Anneghiamo tra le mille contraddizioni del web, dove \u00e8 facile imbattersi in fakenews. Alcune costruite a regola d\u2019arte e trovano terreno fertile in chi vuole leggere una determinata notizia. In quest\u2019epoca di contrasti, dove ognuno sente il bisogno di essere l&#8217;eco di un personale credo, <strong>diventa quindi facile leggere le informazioni che sentiamo affini al nostro pensiero, in un circolo di autoconvincimento costante<\/strong>. E i nostri social diventano luogo dove far germogliare queste notizie, al di l\u00e0 della loro fondatezza, in una vera guerra di link, in cui ognuno pu\u00f2 richiamare una notizia, citando frasi pronunciate da personaggi pi\u00f9 o meno conosciuti. Basta che servano a poter ribadire la bont\u00e0 del proprio pensiero, che diventa in tal modo sempre pi\u00f9 dogmatico.<\/p>\n<\/div>\n<blockquote>\n<p>\u201cSecondo me \u00e8 meglio avere delle idee. Insomma puoi cambiare un&#8217;idea, ma cambiare un credo \u00e8 tosta\u201d<\/p>\n<footer>\n<p>                <cite>film Dogma<\/cite><\/p>\n<\/footer>\n<\/blockquote>\n<div>\n<p>Quante volte vi \u00e8 capitato che un vostra conoscente, amico, familiare, vi abbia mandato un link per sottolineare una sua posizione, magari diversa dal vostra? Ancorati in quei pensieri dove si assottiglia sempre di pi\u00f9 lo spazio per l\u2019empatia, la quale \u201csuggerisce solo di collegare la tua singola esistenza a ci\u00f2 che \u00e8 umano in te come negli altri\u201d (<em>Emanuele Trevi \u2013 L\u2019amico no vax e il solco incolmabile<\/em>).<\/p>\n<\/div>\n<div>\n<p>Allora che fare? Dobbiamo leggere i giornali tradizionali per avere una informazione \u201cgiusta\u201d, fatta da giornalisti formati? Vorrei davvero, davvero, dire che \u00e8 una soluzione. Ma non sarei sincero con me stesso, e quindi, al netto della stima che posso provare per il giornalismo (con la consapevolezza che molti davvero cercano di fare al meglio il proprio lavoro) resta innegabile che sempre di pi\u00f9 anche il giornalismo sia alla merc\u00e9 della legge capitalistica che vuole che una notizia sia valutata da quante visualizzazioni ha avuto.<\/p>\n<p>E seguendo questo sistema corrotto,<strong> le fakenews oggi sono presenti e prolificano anche su giornali e telegiornali<\/strong>. Non solo notizie inventate, ma anche mal riportate, soggette a giochi sottili, titoli creati ad hoc per fare scalpore, per essere ripresi ed essere confezionati per masse bisognose di confermare le loro certezze, la loro indignazione, il loro bisogno di avere ragione. Questa non \u00e8 pi\u00f9 informazione!<\/p>\n<p>Un titolo, uno slogan, una foto che cattura, ed ecco la tempesta perfetta per diventare una potenziale notizia di tendenza, quella magica parola,<strong> \u201cvirale\u201d<\/strong> che porta visibilit\u00e0, quindi pubblicit\u00e0, quindi una operazione riuscita. E la notizia in tutto ci\u00f2? La verit\u00e0? Quella cosa che sentiamo dentro ma che bisogna far attenzione a nominare perch\u00e9 appena detta, essa non esiste pi\u00f9 (<em>Pasolini, Che cosa sono le nuvole<\/em>). La ricerca della verit\u00e0 vuole cura, vuole attenzione, vuole tempo. Tutte cose che abbiamo perso in quest\u2019epoca di tutto e subito, di caos dell\u2019informazione, dove tutti vogliamo apparire.<\/p>\n<\/div>\n<blockquote>\n<p>\u201cQuando un uomo con un ragionamento incontra un uomo con uno slogan, l\u2019uomo con il ragionamento \u00e8 un uomo morto\u201d<\/p>\n<footer>\n<p>                <cite>Sergio Della Sala<\/cite><\/p>\n<\/footer>\n<\/blockquote>\n<div>\n<p>Ma vi ricordate quando i nostri social erano pieni della musica che ci piaceva, delle foto delle nostre uscite. Quelle \u201ctracce\u201d della nostra giovent\u00f9 che abbiamo lasciato dietro di noi. Citando <strong>Zerocalcare, ancora pervaso da quella sensazione agrodolce che \u00e8 il suo \u201cStrappare lunghi i bordi\u201d<\/strong>, cerco di aggrapparmi al \u201csiamo solo fili d\u2019erba\u201d.<\/p>\n<p>Vorrei davvero abbandonarmi a questa convinzione, sorridendo dinanzi l\u2019arte di un artista che da anni stimo. Qualche giorno fa ho riletto una sua intervista (<em>rilasciata a Chiara Severgnini per il Corriere della Sera nel 2018<\/em>) in cui Michele ricordava \u201ccon orrore\u201d come uno dei suoi fumetti era stato portato da un ragazzo ad una veglia di gruppo contrario alla legge anti-omofobia. E con la geniale simpatia che lo contraddistingue, ha comunque ribadito come al di l\u00e0 dei pensieri radicalmente diversi, abbiamo tutti visto pi\u00f9 o meno gli stessi cartoni animati e mangiato le stesse merendine; che \u00e8 normale che qualcosa ci accomuna. \u00a0<em>\u00a0<\/em>\u00a0<\/p>\n<p>Forse basterebbe questo, cercare di ritrovare il pensiero comune, l\u2019empatia, che va oltre la guerra di trincea dove ci siamo arenati. Notizie in trincea, persi in una guerra senza vinti e vincitori. <strong>Noi, uno contro l\u2019altro, e sotto di noi, leggi di mercato, di apparenza, che ci impongono di scavare buche sempre pi\u00f9 profonde.<\/strong> Forse dovremmo solo imparare qualche volta a stare in silenzio, ad ascoltare. Ritrovare quello che ci accomuna, dinanzi un pianeta sofferente, preda suo malgrado di quelle buche sempre pi\u00f9 profonde che rendono tutto il resto solo quel famoso <em>\u201cbla bla bla\u201d<\/em>\u2026<\/p>\n<\/div>\n<p><!--more--><br \/>\n<!-- {\"name\":\"Post\",\"type\":\"layout\",\"children\":[{\"type\":\"section\",\"props\":{\"style\":\"default\",\"width\":\"\",\"vertical_align\":\"middle\",\"title_position\":\"top-left\",\"title_rotation\":\"left\",\"title_breakpoint\":\"xl\",\"image_position\":\"top-center\",\"padding\":\"large\",\"image\":\"\",\"image_size\":\"contain\",\"media_visibility\":\"m\"},\"children\":[{\"type\":\"row\",\"props\":{\"width\":\"xsmall\"},\"children\":[{\"type\":\"column\",\"props\":{\"image_position\":\"center-center\",\"media_overlay_gradient\":\"\",\"position_sticky_breakpoint\":\"m\"},\"children\":[{\"type\":\"headline\",\"props\":{\"title_element\":\"h1\",\"text_align\":\"center\",\"content\":\"\n\n<h2 style=\\\"text-align: center;\\\">Notizie in trincea<br \\\/>Persi in una guerra senza vinti e vincitori<\\\/h2>\"}},{\"type\":\"text\",\"props\":{\"margin\":\"medium\",\"column_breakpoint\":\"m\",\"text_align\":\"center\",\"text_style\":\"meta\",\"content\":\"\n\n<p><time datetime=\\\"2017-01-03T13:52:00+00:00\\\">30 Novembre, 2021<\\\/time>\\u00a0 |\\u00a0 Alessandro Genitori<\\\/p>\"}}]}]},{\"type\":\"row\",\"props\":{\"width\":\"default\",\"margin\":\"large\"},\"children\":[{\"type\":\"column\",\"props\":{\"image_position\":\"center-center\",\"media_overlay_gradient\":\"\",\"position_sticky_breakpoint\":\"m\"},\"children\":[{\"type\":\"image\",\"props\":{\"margin\":\"default\",\"image_svg_color\":\"emphasis\",\"image_width\":\"1200\",\"image_height\":\"500\",\"image\":\"wp-content\\\/uploads\\\/2021\\\/11\\\/titolo.jpg\",\"image_alt\":\"Stop fake news\"}}]}]},{\"type\":\"row\",\"props\":{\"width\":\"xsmall\"},\"children\":[{\"type\":\"column\",\"props\":{\"image_position\":\"center-center\",\"media_overlay_gradient\":\"\",\"position_sticky_breakpoint\":\"m\"},\"children\":[{\"type\":\"text\",\"props\":{\"margin\":\"default\",\"column_breakpoint\":\"m\",\"content\":\"\n\n<h4>Ci sono mille punti da cui potrei partire per scrivere questi pensieri sparsi. La necessit\\u00e0, di comunicare un pensiero, un turbamento. La consapevolezza di non sentirmi pi\\u00f9 a mio agio nella comunicazione che giornalmente mi assale, tra media, social e la quantit\\u00e0 di notizie che, pi\\u00f9 o meno subdolamente, il web mi propina ogni volta che navigo nel marasma di quella che \\u00e8 oggi \\u201cla rete\\u201d.<\\\/h4>\"}},{\"type\":\"text\",\"props\":{\"margin\":\"default\",\"column_breakpoint\":\"m\",\"content\":\"\n\n<p>Siamo invasi dalle notizie. Arrivano incontrollate da ogni parte. E noi restiamo \\\"in trincea\\\", a cercare di dipanare la matassa di una guerra senza vinti e vincitori. Qualche giorno fa, durante il 60\\u00b0 congresso della Societ\\u00e0 Italiana delle Neuroscienze, ho avuto il piacere di ascoltare la lezione magistrale di <strong>Sergio Della Sala. Neuroscienziato, accademico all\\u2019universit\\u00e0 di Edimburgo<\\\/strong>, che con Piero Angela ha fondato il CICAP (<em>Comitato italiano per il controllo delle affermazioni sulle pseudoscienze<\\\/em>). Chiacchierando con lui per un articolo su \\u201cneuroscienze e fakenews\\u201d, mi ha colpito una sua dichiarazione.<\\\/p>\"}},{\"type\":\"quotation\",\"props\":{\"content\":\"\n\n<p>\\u201cLeggere scienza \\u00e8 gi\\u00e0 difficile di per s\\u00e9, per\\u00f2 leggerla attraverso internet \\u00e8 come avere sete e decidere di andare a bere direttamente da un idrante\\u201d<\\\/p>\",\"author\":\"Sergio Della Sala. Neuroscienziato\"}},{\"type\":\"text\",\"props\":{\"margin\":\"default\",\"column_breakpoint\":\"m\",\"content\":\"\n\n<p>Anneghiamo tra le mille contraddizioni del web, dove \\u00e8 facile imbattersi in fakenews. Alcune costruite a regola d\\u2019arte e trovano terreno fertile in chi vuole leggere una determinata notizia. In quest\\u2019epoca di contrasti, dove ognuno sente il bisogno di essere l'eco di un personale credo, <strong>diventa quindi facile leggere le informazioni che sentiamo affini al nostro pensiero, in un circolo di autoconvincimento costante<\\\/strong>. E i nostri social diventano luogo dove far germogliare queste notizie, al di l\\u00e0 della loro fondatezza, in una vera guerra di link, in cui ognuno pu\\u00f2 richiamare una notizia, citando frasi pronunciate da personaggi pi\\u00f9 o meno conosciuti. Basta che servano a poter ribadire la bont\\u00e0 del proprio pensiero, che diventa in tal modo sempre pi\\u00f9 dogmatico.<\\\/p>\"}},{\"type\":\"quotation\",\"props\":{\"content\":\"\n\n<p>\\u201cSecondo me \\u00e8 meglio avere delle idee. Insomma puoi cambiare un'idea, ma cambiare un credo \\u00e8 tosta\\u201d<\\\/p>\",\"author\":\"film Dogma\"}},{\"type\":\"text\",\"props\":{\"margin\":\"default\",\"column_breakpoint\":\"m\",\"content\":\"\n\n<p>Quante volte vi \\u00e8 capitato che un vostra conoscente, amico, familiare, vi abbia mandato un link per sottolineare una sua posizione, magari diversa dal vostra? Ancorati in quei pensieri dove si assottiglia sempre di pi\\u00f9 lo spazio per l\\u2019empatia, la quale \\u201csuggerisce solo di collegare la tua singola esistenza a ci\\u00f2 che \\u00e8 umano in te come negli altri\\u201d (<em>Emanuele Trevi \\u2013 L\\u2019amico no vax e il solco incolmabile<\\\/em>).<\\\/p>\"}},{\"type\":\"text\",\"props\":{\"margin\":\"default\",\"column_breakpoint\":\"m\",\"content\":\"\n\n<p>Allora che fare? Dobbiamo leggere i giornali tradizionali per avere una informazione \\u201cgiusta\\u201d, fatta da giornalisti formati? Vorrei davvero, davvero, dire che \\u00e8 una soluzione. Ma non sarei sincero con me stesso, e quindi, al netto della stima che posso provare per il giornalismo (con la consapevolezza che molti davvero cercano di fare al meglio il proprio lavoro) resta innegabile che sempre di pi\\u00f9 anche il giornalismo sia alla merc\\u00e9 della legge capitalistica che vuole che una notizia sia valutata da quante visualizzazioni ha avuto.<\\\/p>\\n\n\n<p>E seguendo questo sistema corrotto,<strong> le fakenews oggi sono presenti e prolificano anche su giornali e telegiornali<\\\/strong>. Non solo notizie inventate, ma anche mal riportate, soggette a giochi sottili, titoli creati ad hoc per fare scalpore, per essere ripresi ed essere confezionati per masse bisognose di confermare le loro certezze, la loro indignazione, il loro bisogno di avere ragione. Questa non \\u00e8 pi\\u00f9 informazione!<\\\/p>\\n\n\n<p>Un titolo, uno slogan, una foto che cattura, ed ecco la tempesta perfetta per diventare una potenziale notizia di tendenza, quella magica parola,<strong> \\u201cvirale\\u201d<\\\/strong> che porta visibilit\\u00e0, quindi pubblicit\\u00e0, quindi una operazione riuscita. E la notizia in tutto ci\\u00f2? La verit\\u00e0? Quella cosa che sentiamo dentro ma che bisogna far attenzione a nominare perch\\u00e9 appena detta, essa non esiste pi\\u00f9 (<em>Pasolini, Che cosa sono le nuvole<\\\/em>). La ricerca della verit\\u00e0 vuole cura, vuole attenzione, vuole tempo. Tutte cose che abbiamo perso in quest\\u2019epoca di tutto e subito, di caos dell\\u2019informazione, dove tutti vogliamo apparire.<\\\/p>\"}},{\"type\":\"quotation\",\"props\":{\"content\":\"\n\n<p>\\u201cQuando un uomo con un ragionamento incontra un uomo con uno slogan, l\\u2019uomo con il ragionamento \\u00e8 un uomo morto\\u201d<\\\/p>\",\"author\":\"Sergio Della Sala\"}},{\"type\":\"text\",\"props\":{\"margin\":\"default\",\"column_breakpoint\":\"m\",\"content\":\"\n\n<p>Ma vi ricordate quando i nostri social erano pieni della musica che ci piaceva, delle foto delle nostre uscite. Quelle \\u201ctracce\\u201d della nostra giovent\\u00f9 che abbiamo lasciato dietro di noi. Citando <strong>Zerocalcare, ancora pervaso da quella sensazione agrodolce che \\u00e8 il suo \\u201cStrappare lunghi i bordi\\u201d<\\\/strong>, cerco di aggrapparmi al \\u201csiamo solo fili d\\u2019erba\\u201d.<\\\/p>\\n\n\n<p>Vorrei davvero abbandonarmi a questa convinzione, sorridendo dinanzi l\\u2019arte di un artista che da anni stimo. Qualche giorno fa ho riletto una sua intervista (<em>rilasciata a Chiara Severgnini per il Corriere della Sera nel 2018<\\\/em>) in cui Michele ricordava \\u201ccon orrore\\u201d come uno dei suoi fumetti era stato portato da un ragazzo ad una veglia di gruppo contrario alla legge anti-omofobia. E con la geniale simpatia che lo contraddistingue, ha comunque ribadito come al di l\\u00e0 dei pensieri radicalmente diversi, abbiamo tutti visto pi\\u00f9 o meno gli stessi cartoni animati e mangiato le stesse merendine; che \\u00e8 normale che qualcosa ci accomuna. \\u00a0<em>\\u00a0<\\\/em>\\u00a0<\\\/p>\\n\n\n<p>Forse basterebbe questo, cercare di ritrovare il pensiero comune, l\\u2019empatia, che va oltre la guerra di trincea dove ci siamo arenati. Notizie in trincea, persi in una guerra senza vinti e vincitori. <strong>Noi, uno contro l\\u2019altro, e sotto di noi, leggi di mercato, di apparenza, che ci impongono di scavare buche sempre pi\\u00f9 profonde.<\\\/strong> Forse dovremmo solo imparare qualche volta a stare in silenzio, ad ascoltare. Ritrovare quello che ci accomuna, dinanzi un pianeta sofferente, preda suo malgrado di quelle buche sempre pi\\u00f9 profonde che rendono tutto il resto solo quel famoso <em>\\u201cbla bla bla\\u201d<\\\/em>\\u2026<\\\/p>\"}},{\"type\":\"pagination\",\"props\":{\"pagination_type\":\"previous\\\/next\",\"text_align\":\"center\",\"pagination_space_between\":true,\"margin\":\"large\"}}]}]}],\"name\":\"Post\"}],\"version\":\"2.4.3\"} --><\/p>\n","protected":false},"excerpt":{"rendered":"<p>Notizie in trinceaPersi in una guerra senza vinti e vincitori 30 Novembre, 2021\u00a0 |\u00a0 Alessandro Genitori Ci sono mille punti da cui potrei partire per scrivere questi pensieri sparsi. La necessit\u00e0, di comunicare un pensiero, un turbamento. La consapevolezza di non sentirmi pi\u00f9 a mio agio nella comunicazione che giornalmente mi assale, tra media, social [&hellip;]<\/p>\n","protected":false},"author":1,"featured_media":1113,"comment_status":"open","ping_status":"open","sticky":false,"template":"","format":"standard","meta":{"footnotes":""},"categories":[1,7,5],"tags":[19,22,21,20],"yoast_head":"<!-- This site is optimized with the Yoast SEO plugin v22.6 - https:\/\/yoast.com\/wordpress\/plugins\/seo\/ -->\r\n<title>Notizie in trincea, persi in una guerra senza vinti e vincitori &#187; Alessandro Genitori<\/title>\r\n<meta name=\"description\" content=\"Siamo invasi dalle notizie, che ci pongono preda di pensieri dogmatici, contrapposti in una guerra &quot;in trincea&quot; senza vinti o vincitori\" \/>\r\n<meta name=\"robots\" content=\"index, follow, max-snippet:-1, max-image-preview:large, max-video-preview:-1\" \/>\r\n<link rel=\"canonical\" href=\"https:\/\/www.alessandrogenitori.com\/index.php\/2021\/11\/30\/notizie-in-trincea-persi-in-una-guerra-senza-vinti-e-vincitori\/\" \/>\r\n<meta property=\"og:locale\" content=\"it_IT\" \/>\r\n<meta property=\"og:type\" content=\"article\" \/>\r\n<meta property=\"og:title\" content=\"Notizie in trincea, persi in una guerra senza vinti e vincitori &#187; Alessandro Genitori\" \/>\r\n<meta property=\"og:description\" content=\"Siamo invasi dalle notizie, che ci pongono preda di pensieri dogmatici, contrapposti in una guerra &quot;in trincea&quot; senza vinti o vincitori\" \/>\r\n<meta property=\"og:url\" content=\"https:\/\/www.alessandrogenitori.com\/index.php\/2021\/11\/30\/notizie-in-trincea-persi-in-una-guerra-senza-vinti-e-vincitori\/\" \/>\r\n<meta property=\"og:site_name\" content=\"Alessandro Genitori\" \/>\r\n<meta property=\"article:publisher\" content=\"https:\/\/www.facebook.com\/alessandro.genitori\" \/>\r\n<meta property=\"article:published_time\" content=\"2021-11-30T16:50:23+00:00\" \/>\r\n<meta property=\"article:modified_time\" content=\"2021-12-01T16:21:10+00:00\" \/>\r\n<meta property=\"og:image\" content=\"https:\/\/www.alessandrogenitori.com\/wp-content\/uploads\/2021\/11\/copertina-blog.jpg\" \/>\r\n\t<meta property=\"og:image:width\" content=\"1920\" \/>\r\n\t<meta property=\"og:image:height\" content=\"1080\" \/>\r\n\t<meta property=\"og:image:type\" content=\"image\/jpeg\" \/>\r\n<meta name=\"author\" content=\"Alessandro Genitori\" \/>\r\n<meta name=\"twitter:card\" content=\"summary_large_image\" \/>\r\n<meta name=\"twitter:label1\" content=\"Scritto da\" \/>\n\t<meta name=\"twitter:data1\" content=\"Alessandro Genitori\" \/>\n\t<meta name=\"twitter:label2\" content=\"Tempo di lettura stimato\" \/>\n\t<meta name=\"twitter:data2\" content=\"5 minuti\" \/>\r\n<script type=\"application\/ld+json\" class=\"yoast-schema-graph\">{\"@context\":\"https:\/\/schema.org\",\"@graph\":[{\"@type\":\"Article\",\"@id\":\"https:\/\/www.alessandrogenitori.com\/index.php\/2021\/11\/30\/notizie-in-trincea-persi-in-una-guerra-senza-vinti-e-vincitori\/#article\",\"isPartOf\":{\"@id\":\"https:\/\/www.alessandrogenitori.com\/index.php\/2021\/11\/30\/notizie-in-trincea-persi-in-una-guerra-senza-vinti-e-vincitori\/\"},\"author\":{\"name\":\"Alessandro Genitori\",\"@id\":\"https:\/\/www.alessandrogenitori.com\/#\/schema\/person\/cc5c16f7bda40e12fa358d3ab5a1bff1\"},\"headline\":\"Notizie in trincea, persi in una guerra senza vinti e vincitori\",\"datePublished\":\"2021-11-30T16:50:23+00:00\",\"dateModified\":\"2021-12-01T16:21:10+00:00\",\"mainEntityOfPage\":{\"@id\":\"https:\/\/www.alessandrogenitori.com\/index.php\/2021\/11\/30\/notizie-in-trincea-persi-in-una-guerra-senza-vinti-e-vincitori\/\"},\"wordCount\":932,\"commentCount\":0,\"publisher\":{\"@id\":\"https:\/\/www.alessandrogenitori.com\/#organization\"},\"image\":{\"@id\":\"https:\/\/www.alessandrogenitori.com\/index.php\/2021\/11\/30\/notizie-in-trincea-persi-in-una-guerra-senza-vinti-e-vincitori\/#primaryimage\"},\"thumbnailUrl\":\"https:\/\/www.alessandrogenitori.com\/wp-content\/uploads\/2021\/11\/copertina-blog.jpg\",\"keywords\":[\"fakenews\",\"giornalismo\",\"Neuroscienze\",\"Zerocalcare\"],\"articleSection\":[\"BLOG\",\"POPULAR\",\"PRESS\"],\"inLanguage\":\"it-IT\",\"potentialAction\":[{\"@type\":\"CommentAction\",\"name\":\"Comment\",\"target\":[\"https:\/\/www.alessandrogenitori.com\/index.php\/2021\/11\/30\/notizie-in-trincea-persi-in-una-guerra-senza-vinti-e-vincitori\/#respond\"]}]},{\"@type\":\"WebPage\",\"@id\":\"https:\/\/www.alessandrogenitori.com\/index.php\/2021\/11\/30\/notizie-in-trincea-persi-in-una-guerra-senza-vinti-e-vincitori\/\",\"url\":\"https:\/\/www.alessandrogenitori.com\/index.php\/2021\/11\/30\/notizie-in-trincea-persi-in-una-guerra-senza-vinti-e-vincitori\/\",\"name\":\"Notizie in trincea, persi in una guerra senza vinti e vincitori &#187; Alessandro Genitori\",\"isPartOf\":{\"@id\":\"https:\/\/www.alessandrogenitori.com\/#website\"},\"primaryImageOfPage\":{\"@id\":\"https:\/\/www.alessandrogenitori.com\/index.php\/2021\/11\/30\/notizie-in-trincea-persi-in-una-guerra-senza-vinti-e-vincitori\/#primaryimage\"},\"image\":{\"@id\":\"https:\/\/www.alessandrogenitori.com\/index.php\/2021\/11\/30\/notizie-in-trincea-persi-in-una-guerra-senza-vinti-e-vincitori\/#primaryimage\"},\"thumbnailUrl\":\"https:\/\/www.alessandrogenitori.com\/wp-content\/uploads\/2021\/11\/copertina-blog.jpg\",\"datePublished\":\"2021-11-30T16:50:23+00:00\",\"dateModified\":\"2021-12-01T16:21:10+00:00\",\"description\":\"Siamo invasi dalle notizie, che ci pongono preda di pensieri dogmatici, contrapposti in una guerra \\\"in trincea\\\" senza vinti o vincitori\",\"breadcrumb\":{\"@id\":\"https:\/\/www.alessandrogenitori.com\/index.php\/2021\/11\/30\/notizie-in-trincea-persi-in-una-guerra-senza-vinti-e-vincitori\/#breadcrumb\"},\"inLanguage\":\"it-IT\",\"potentialAction\":[{\"@type\":\"ReadAction\",\"target\":[\"https:\/\/www.alessandrogenitori.com\/index.php\/2021\/11\/30\/notizie-in-trincea-persi-in-una-guerra-senza-vinti-e-vincitori\/\"]}]},{\"@type\":\"ImageObject\",\"inLanguage\":\"it-IT\",\"@id\":\"https:\/\/www.alessandrogenitori.com\/index.php\/2021\/11\/30\/notizie-in-trincea-persi-in-una-guerra-senza-vinti-e-vincitori\/#primaryimage\",\"url\":\"https:\/\/www.alessandrogenitori.com\/wp-content\/uploads\/2021\/11\/copertina-blog.jpg\",\"contentUrl\":\"https:\/\/www.alessandrogenitori.com\/wp-content\/uploads\/2021\/11\/copertina-blog.jpg\",\"width\":1920,\"height\":1080},{\"@type\":\"BreadcrumbList\",\"@id\":\"https:\/\/www.alessandrogenitori.com\/index.php\/2021\/11\/30\/notizie-in-trincea-persi-in-una-guerra-senza-vinti-e-vincitori\/#breadcrumb\",\"itemListElement\":[{\"@type\":\"ListItem\",\"position\":1,\"name\":\"Home\",\"item\":\"https:\/\/www.alessandrogenitori.com\/\"},{\"@type\":\"ListItem\",\"position\":2,\"name\":\"Notizie in trincea, persi in una guerra senza vinti e vincitori\"}]},{\"@type\":\"WebSite\",\"@id\":\"https:\/\/www.alessandrogenitori.com\/#website\",\"url\":\"https:\/\/www.alessandrogenitori.com\/\",\"name\":\"Alessandro Genitori\",\"description\":\"VIVO RACCONTO CREO\",\"publisher\":{\"@id\":\"https:\/\/www.alessandrogenitori.com\/#organization\"},\"potentialAction\":[{\"@type\":\"SearchAction\",\"target\":{\"@type\":\"EntryPoint\",\"urlTemplate\":\"https:\/\/www.alessandrogenitori.com\/?s={search_term_string}\"},\"query-input\":\"required name=search_term_string\"}],\"inLanguage\":\"it-IT\"},{\"@type\":\"Organization\",\"@id\":\"https:\/\/www.alessandrogenitori.com\/#organization\",\"name\":\"Alessandro Genitori\",\"url\":\"https:\/\/www.alessandrogenitori.com\/\",\"logo\":{\"@type\":\"ImageObject\",\"inLanguage\":\"it-IT\",\"@id\":\"https:\/\/www.alessandrogenitori.com\/#\/schema\/logo\/image\/\",\"url\":\"https:\/\/www.alessandrogenitori.com\/wp-content\/uploads\/2021\/02\/LOGO_ALE-1.svg\",\"contentUrl\":\"https:\/\/www.alessandrogenitori.com\/wp-content\/uploads\/2021\/02\/LOGO_ALE-1.svg\",\"width\":1,\"height\":1,\"caption\":\"Alessandro Genitori\"},\"image\":{\"@id\":\"https:\/\/www.alessandrogenitori.com\/#\/schema\/logo\/image\/\"},\"sameAs\":[\"https:\/\/www.facebook.com\/alessandro.genitori\",\"https:\/\/www.instagram.com\/alegeni\/\"]},{\"@type\":\"Person\",\"@id\":\"https:\/\/www.alessandrogenitori.com\/#\/schema\/person\/cc5c16f7bda40e12fa358d3ab5a1bff1\",\"name\":\"Alessandro Genitori\",\"image\":{\"@type\":\"ImageObject\",\"inLanguage\":\"it-IT\",\"@id\":\"https:\/\/www.alessandrogenitori.com\/#\/schema\/person\/image\/\",\"url\":\"https:\/\/secure.gravatar.com\/avatar\/9d291643d27a52d6af7074282b6b81b3?s=96&d=mm&r=g\",\"contentUrl\":\"https:\/\/secure.gravatar.com\/avatar\/9d291643d27a52d6af7074282b6b81b3?s=96&d=mm&r=g\",\"caption\":\"Alessandro Genitori\"},\"sameAs\":[\"https:\/\/www.alessandrogenitori.com\"]}]}<\/script>\r\n<!-- \/ Yoast SEO plugin. -->","yoast_head_json":{"title":"Notizie in trincea, persi in una guerra senza vinti e vincitori &#187; Alessandro Genitori","description":"Siamo invasi dalle notizie, che ci pongono preda di pensieri dogmatici, contrapposti in una guerra \"in trincea\" senza vinti o vincitori","robots":{"index":"index","follow":"follow","max-snippet":"max-snippet:-1","max-image-preview":"max-image-preview:large","max-video-preview":"max-video-preview:-1"},"canonical":"https:\/\/www.alessandrogenitori.com\/index.php\/2021\/11\/30\/notizie-in-trincea-persi-in-una-guerra-senza-vinti-e-vincitori\/","og_locale":"it_IT","og_type":"article","og_title":"Notizie in trincea, persi in una guerra senza vinti e vincitori &#187; Alessandro Genitori","og_description":"Siamo invasi dalle notizie, che ci pongono preda di pensieri dogmatici, contrapposti in una guerra \"in trincea\" senza vinti o vincitori","og_url":"https:\/\/www.alessandrogenitori.com\/index.php\/2021\/11\/30\/notizie-in-trincea-persi-in-una-guerra-senza-vinti-e-vincitori\/","og_site_name":"Alessandro Genitori","article_publisher":"https:\/\/www.facebook.com\/alessandro.genitori","article_published_time":"2021-11-30T16:50:23+00:00","article_modified_time":"2021-12-01T16:21:10+00:00","og_image":[{"width":1920,"height":1080,"url":"https:\/\/www.alessandrogenitori.com\/wp-content\/uploads\/2021\/11\/copertina-blog.jpg","type":"image\/jpeg"}],"author":"Alessandro Genitori","twitter_card":"summary_large_image","twitter_misc":{"Scritto da":"Alessandro Genitori","Tempo di lettura stimato":"5 minuti"},"schema":{"@context":"https:\/\/schema.org","@graph":[{"@type":"Article","@id":"https:\/\/www.alessandrogenitori.com\/index.php\/2021\/11\/30\/notizie-in-trincea-persi-in-una-guerra-senza-vinti-e-vincitori\/#article","isPartOf":{"@id":"https:\/\/www.alessandrogenitori.com\/index.php\/2021\/11\/30\/notizie-in-trincea-persi-in-una-guerra-senza-vinti-e-vincitori\/"},"author":{"name":"Alessandro Genitori","@id":"https:\/\/www.alessandrogenitori.com\/#\/schema\/person\/cc5c16f7bda40e12fa358d3ab5a1bff1"},"headline":"Notizie in trincea, persi in una guerra senza vinti e vincitori","datePublished":"2021-11-30T16:50:23+00:00","dateModified":"2021-12-01T16:21:10+00:00","mainEntityOfPage":{"@id":"https:\/\/www.alessandrogenitori.com\/index.php\/2021\/11\/30\/notizie-in-trincea-persi-in-una-guerra-senza-vinti-e-vincitori\/"},"wordCount":932,"commentCount":0,"publisher":{"@id":"https:\/\/www.alessandrogenitori.com\/#organization"},"image":{"@id":"https:\/\/www.alessandrogenitori.com\/index.php\/2021\/11\/30\/notizie-in-trincea-persi-in-una-guerra-senza-vinti-e-vincitori\/#primaryimage"},"thumbnailUrl":"https:\/\/www.alessandrogenitori.com\/wp-content\/uploads\/2021\/11\/copertina-blog.jpg","keywords":["fakenews","giornalismo","Neuroscienze","Zerocalcare"],"articleSection":["BLOG","POPULAR","PRESS"],"inLanguage":"it-IT","potentialAction":[{"@type":"CommentAction","name":"Comment","target":["https:\/\/www.alessandrogenitori.com\/index.php\/2021\/11\/30\/notizie-in-trincea-persi-in-una-guerra-senza-vinti-e-vincitori\/#respond"]}]},{"@type":"WebPage","@id":"https:\/\/www.alessandrogenitori.com\/index.php\/2021\/11\/30\/notizie-in-trincea-persi-in-una-guerra-senza-vinti-e-vincitori\/","url":"https:\/\/www.alessandrogenitori.com\/index.php\/2021\/11\/30\/notizie-in-trincea-persi-in-una-guerra-senza-vinti-e-vincitori\/","name":"Notizie in trincea, persi in una guerra senza vinti e vincitori &#187; Alessandro Genitori","isPartOf":{"@id":"https:\/\/www.alessandrogenitori.com\/#website"},"primaryImageOfPage":{"@id":"https:\/\/www.alessandrogenitori.com\/index.php\/2021\/11\/30\/notizie-in-trincea-persi-in-una-guerra-senza-vinti-e-vincitori\/#primaryimage"},"image":{"@id":"https:\/\/www.alessandrogenitori.com\/index.php\/2021\/11\/30\/notizie-in-trincea-persi-in-una-guerra-senza-vinti-e-vincitori\/#primaryimage"},"thumbnailUrl":"https:\/\/www.alessandrogenitori.com\/wp-content\/uploads\/2021\/11\/copertina-blog.jpg","datePublished":"2021-11-30T16:50:23+00:00","dateModified":"2021-12-01T16:21:10+00:00","description":"Siamo invasi dalle notizie, che ci pongono preda di pensieri dogmatici, contrapposti in una guerra \"in trincea\" senza vinti o vincitori","breadcrumb":{"@id":"https:\/\/www.alessandrogenitori.com\/index.php\/2021\/11\/30\/notizie-in-trincea-persi-in-una-guerra-senza-vinti-e-vincitori\/#breadcrumb"},"inLanguage":"it-IT","potentialAction":[{"@type":"ReadAction","target":["https:\/\/www.alessandrogenitori.com\/index.php\/2021\/11\/30\/notizie-in-trincea-persi-in-una-guerra-senza-vinti-e-vincitori\/"]}]},{"@type":"ImageObject","inLanguage":"it-IT","@id":"https:\/\/www.alessandrogenitori.com\/index.php\/2021\/11\/30\/notizie-in-trincea-persi-in-una-guerra-senza-vinti-e-vincitori\/#primaryimage","url":"https:\/\/www.alessandrogenitori.com\/wp-content\/uploads\/2021\/11\/copertina-blog.jpg","contentUrl":"https:\/\/www.alessandrogenitori.com\/wp-content\/uploads\/2021\/11\/copertina-blog.jpg","width":1920,"height":1080},{"@type":"BreadcrumbList","@id":"https:\/\/www.alessandrogenitori.com\/index.php\/2021\/11\/30\/notizie-in-trincea-persi-in-una-guerra-senza-vinti-e-vincitori\/#breadcrumb","itemListElement":[{"@type":"ListItem","position":1,"name":"Home","item":"https:\/\/www.alessandrogenitori.com\/"},{"@type":"ListItem","position":2,"name":"Notizie in trincea, persi in una guerra senza vinti e vincitori"}]},{"@type":"WebSite","@id":"https:\/\/www.alessandrogenitori.com\/#website","url":"https:\/\/www.alessandrogenitori.com\/","name":"Alessandro Genitori","description":"VIVO RACCONTO CREO","publisher":{"@id":"https:\/\/www.alessandrogenitori.com\/#organization"},"potentialAction":[{"@type":"SearchAction","target":{"@type":"EntryPoint","urlTemplate":"https:\/\/www.alessandrogenitori.com\/?s={search_term_string}"},"query-input":"required name=search_term_string"}],"inLanguage":"it-IT"},{"@type":"Organization","@id":"https:\/\/www.alessandrogenitori.com\/#organization","name":"Alessandro Genitori","url":"https:\/\/www.alessandrogenitori.com\/","logo":{"@type":"ImageObject","inLanguage":"it-IT","@id":"https:\/\/www.alessandrogenitori.com\/#\/schema\/logo\/image\/","url":"https:\/\/www.alessandrogenitori.com\/wp-content\/uploads\/2021\/02\/LOGO_ALE-1.svg","contentUrl":"https:\/\/www.alessandrogenitori.com\/wp-content\/uploads\/2021\/02\/LOGO_ALE-1.svg","width":1,"height":1,"caption":"Alessandro Genitori"},"image":{"@id":"https:\/\/www.alessandrogenitori.com\/#\/schema\/logo\/image\/"},"sameAs":["https:\/\/www.facebook.com\/alessandro.genitori","https:\/\/www.instagram.com\/alegeni\/"]},{"@type":"Person","@id":"https:\/\/www.alessandrogenitori.com\/#\/schema\/person\/cc5c16f7bda40e12fa358d3ab5a1bff1","name":"Alessandro Genitori","image":{"@type":"ImageObject","inLanguage":"it-IT","@id":"https:\/\/www.alessandrogenitori.com\/#\/schema\/person\/image\/","url":"https:\/\/secure.gravatar.com\/avatar\/9d291643d27a52d6af7074282b6b81b3?s=96&d=mm&r=g","contentUrl":"https:\/\/secure.gravatar.com\/avatar\/9d291643d27a52d6af7074282b6b81b3?s=96&d=mm&r=g","caption":"Alessandro Genitori"},"sameAs":["https:\/\/www.alessandrogenitori.com"]}]}},"_links":{"self":[{"href":"https:\/\/www.alessandrogenitori.com\/index.php\/wp-json\/wp\/v2\/posts\/1105"}],"collection":[{"href":"https:\/\/www.alessandrogenitori.com\/index.php\/wp-json\/wp\/v2\/posts"}],"about":[{"href":"https:\/\/www.alessandrogenitori.com\/index.php\/wp-json\/wp\/v2\/types\/post"}],"author":[{"embeddable":true,"href":"https:\/\/www.alessandrogenitori.com\/index.php\/wp-json\/wp\/v2\/users\/1"}],"replies":[{"embeddable":true,"href":"https:\/\/www.alessandrogenitori.com\/index.php\/wp-json\/wp\/v2\/comments?post=1105"}],"version-history":[{"count":23,"href":"https:\/\/www.alessandrogenitori.com\/index.php\/wp-json\/wp\/v2\/posts\/1105\/revisions"}],"predecessor-version":[{"id":1131,"href":"https:\/\/www.alessandrogenitori.com\/index.php\/wp-json\/wp\/v2\/posts\/1105\/revisions\/1131"}],"wp:featuredmedia":[{"embeddable":true,"href":"https:\/\/www.alessandrogenitori.com\/index.php\/wp-json\/wp\/v2\/media\/1113"}],"wp:attachment":[{"href":"https:\/\/www.alessandrogenitori.com\/index.php\/wp-json\/wp\/v2\/media?parent=1105"}],"wp:term":[{"taxonomy":"category","embeddable":true,"href":"https:\/\/www.alessandrogenitori.com\/index.php\/wp-json\/wp\/v2\/categories?post=1105"},{"taxonomy":"post_tag","embeddable":true,"href":"https:\/\/www.alessandrogenitori.com\/index.php\/wp-json\/wp\/v2\/tags?post=1105"}],"curies":[{"name":"wp","href":"https:\/\/api.w.org\/{rel}","templated":true}]}}