{"id":1011,"date":"2021-10-03T12:08:32","date_gmt":"2021-10-03T10:08:32","guid":{"rendered":"https:\/\/www.alessandrogenitori.com\/?p=1011"},"modified":"2021-10-29T14:32:46","modified_gmt":"2021-10-29T12:32:46","slug":"today-for-tomorrow","status":"publish","type":"post","link":"https:\/\/www.alessandrogenitori.com\/index.php\/2021\/10\/03\/today-for-tomorrow\/","title":{"rendered":"Today for Tomorrow"},"content":{"rendered":"<div><a href=\"#\">Documentario<\/a><\/div>\n<h1>Today for Tomorrow<\/h1>\n<blockquote>\n<p>Non ci mancano le idee, ci manca la capacit\u00e0 di reagire<\/p>\n<\/blockquote>\n<div>\n<p>Today for Tomorrow \u00e8 un progetto di serialit\u00e0 documentaristica che vuole narrare i progetti virtuosi realizzati da giovani in tutta Italia verso uno sviluppo sostenibile.<\/p>\n<\/div>\n<hr>\n<div>\n<p>Il progetto Today for Tomorrow nasce da una sensazione che ho avuto mentre guardavo le proiezioni del Festival CinemAmbiente 2020: come possono i giovani credere ancora ad un futuro sostenibile mentre si continua a parlare e ignorare le loro richieste, con notizie e film disastrosi sul futuro che ci aspetta.<\/p>\n<p>A distanza di un anno il Bla Bla Bla di Greta \u00e8 diventato virale, i ragazzi sono sempre pi\u00f9 arrabbiati, i Friday for future che abbiamo seguiro per la lavorazione del film sono stanchi delle parole a vuoto e sembra che non si riesca a trovare il badolo della matassa. Il tempo passa, e il pianeta continua la sua inesorabile discesa verso l&#8217;insostenbilit\u00e0.<\/p>\n<p>In questi ultimi 12 mesi abbiamo deciso di tornare ad agire dopo aver parlato di ambiente nel documentario <a href=\"https:\/\/www.alessandrogenitori.com\/index.php\/2021\/02\/22\/street-art-documentario\/\" target=\"_blank\" rel=\"noopener\">&#8220;Toward2030&#8221;<\/a>. Con un&#8217;idea chiara in testa, raccontare quelle realt\u00e0 italiane che grazie all&#8217;alleanza tra giovani e meno giovani hanno creato percorsi virutuosi verso uno sviluppo sostenibile. Con la consapevolezza che non ci mancano le idee, ci manca la capacit\u00e0 di reagire.<\/p>\n<p>Una idea che ha entusismato ASVIS che mi ha dato il suo appoggio, e che mi ha visto una volta di pi\u00f9 collaborare con il mio amico e regista Elis Karakaci. Il nostro sodalizio si \u00e8 allargato con la presenza del produttore esecutivo Francesco Dragone, che ha sposato il progetto portando la sua vasta rete di conoscenze e competenze. <\/p>\n<p>Ma quale storia raccontare per prima? Per il mio percorso lavorativo, \u00e8 stato per me naturale confrontarmi con Cifa for People, realt\u00e0 che conosco bene avendo pi\u00f9 volte lavorato con loro in Italia e all&#8217;estero con il reportage realizzato in Etiopia per la loro campagna di comunicazione. Ed \u00e8 stato altrettanto naturale individuare come puntata pilota la narrazione del progetto Sostenibilmente. Un progetto di educazione ambientale che oltre ad aver sensibilizzato giovani di tutta Italia con una serie di fantastiche lezioni nelle scuole, ha visto una collaborazione con La Stampa di Torino al fine di creare una masterclass dove giovani ragazzi potessero apprendere l&#8217;arte del giornalismo e come poter comunicare al meglio lo sviluppo sostenibile.<\/p>\n<h3>Guarda il Trailer<\/h3>\n<\/div>\n<p><iframe src=\"https:\/\/youtu.be\/0jfkd8DPtJc\"><\/iframe><\/p>\n<div>\n<p>Il progetto ha visto subito la presenza di <strong>Emanuele Russo<\/strong>, <span>Global Citizenship Education Officer<\/span> di Cifa e Presidente di Amnesty International Italia. Le sue parole sono state supportate dal capo progetto di Sostenbilmente <strong>Alessandra Verrienti<\/strong>. Entrambi hanno raccontato l&#8217;importanza dell&#8217;Alleanza tra giovani e meno giovani. Per La Stampa \u00e8 intervenuta<strong> Anna Masera<\/strong>, giornalista e blogger italiana, garante dei lettori del celebre giornale torinese. E oltre i giovani partecipanti al progetto che si sono cimentati nella creazione di articoli sulla citt\u00e0 sostenibile e la moda sostenibile, abbiamo avuto il piacere di avere come testimonial di eccezione del nostro progetto l&#8217;attrice <strong>Anna Favella<\/strong>, che con la sua voce ci ha guidato nella narrazione della puntata.<\/p>\n<\/div>\n<hr>\n<h2>Movie<\/h2>\n<p><a href=\"\/wp-content\/uploads\/movies-post-the-finch-intro.jpg\"><img decoding=\"async\" src=\"\/wp-content\/uploads\/2021\/10\/locandina-LLQ.jpg\" alt=\"\"><\/a><\/p>\n<h3>Details<\/h3>\n<ul>\n<li>\n<h3>Regista<\/h3>\n<div>\n<p>Alessandro Genitori, Elis Karakaci<\/p>\n<\/div>\n<\/li>\n<li>\n<h3>Produttore Esecutivo<\/h3>\n<div>\n<p>Francesco Dragone<\/p>\n<\/div>\n<\/li>\n<li>\n<h3>Testi<\/h3>\n<div>\n<p>Michela Locati<\/p>\n<\/div>\n<\/li>\n<li>\n<h3>Paese<\/h3>\n<div>\n<p>Italia<\/p>\n<\/div>\n<\/li>\n<li>\n<h3>Uscita cinematografica<\/h3>\n<div>\n<p>6 ottobre 2021<\/p>\n<\/div>\n<\/li>\n<li>\n<h3>Studio<\/h3>\n<div>\n<p>AMNC, Filmika, Cinemage<\/p>\n<\/div>\n<\/li>\n<li>\n<h3>Tempo<\/h3>\n<div>\n<p>25 minuti<\/p>\n<\/div>\n<\/li>\n<\/ul>\n<hr>\n<h3>Cast<\/h3>\n<ul>\n<li>\n<p>        <img decoding=\"async\" src=\"\/wp-content\/uploads\/2021\/10\/Anna-Favella2.jpg\" alt=\"\"><\/p>\n<h3>Anna Favella<\/h3>\n<\/li>\n<li>\n<p>        <img decoding=\"async\" src=\"\/wp-content\/uploads\/2021\/10\/emanuele-russo-presidente-scaled.jpg\" alt=\"\"><\/p>\n<h3>Emanuele Russo<\/h3>\n<\/li>\n<li>\n<p>        <img decoding=\"async\" src=\"\/wp-content\/uploads\/2021\/10\/Anna_Masera_2.jpg\" alt=\"\"><\/p>\n<h3>Anna Masera<\/h3>\n<\/li>\n<li>\n<p>        <img decoding=\"async\" src=\"\/wp-content\/uploads\/2021\/10\/Ale-Verrienti.jpg\" alt=\"\"><\/p>\n<h3>Alessandra Verrienti<\/h3>\n<\/li>\n<\/ul>\n<hr>\n<h3>Cast Tecnico<\/h3>\n<ul>\n<li>\n<p>        <img decoding=\"async\" src=\"\/wp-content\/uploads\/2021\/02\/0H9A0124.jpeg\" alt=\"\"><\/p>\n<h3>Alessandro Genitori<\/h3>\n<\/li>\n<li>\n<p>        <img decoding=\"async\" src=\"\/wp-content\/uploads\/2021\/10\/Foto-Elis-Karakaci-LQ.jpg\" alt=\"\"><\/p>\n<h3>Elis Karakaci<\/h3>\n<\/li>\n<li>\n<p>        <img decoding=\"async\" src=\"\/wp-content\/uploads\/2021\/10\/Foto-Francesco-Dragone.jpg\" alt=\"\"><\/p>\n<h3>Francesco Dragone<\/h3>\n<\/li>\n<\/ul>\n<hr>\n<h2>Scopri i miei progetti<\/h2>\n<ul>\n<li>\n<p>        <a href=\"\/index.php\/2021\/02\/22\/street-art-documentario\/\"><\/p>\n<p>        <img decoding=\"async\" src=\"\/wp-content\/uploads\/2021\/02\/locandina-ale-scaled.jpg\" alt=\"\"><\/p>\n<p><\/a><\/p>\n<\/li>\n<li>\n<p>        <a href=\"https:\/\/www.alessandrogenitori.com\/index.php\/2021\/02\/27\/beyond-walls-saype\/\"><\/p>\n<p>        <img decoding=\"async\" src=\"\/wp-content\/uploads\/2021\/02\/Beyond-Walls.jpg\" alt=\"\"><\/p>\n<p><\/a><\/p>\n<\/li>\n<li>\n<p>        <a href=\"\/index.php\/2021\/07\/10\/eleganza-estemporanea\/\"><\/p>\n<p>        <img decoding=\"async\" src=\"\/wp-content\/uploads\/2021\/06\/locandina.jpg\" alt=\"\"><\/p>\n<p><\/a><\/p>\n<\/li>\n<li>\n<p>        <a href=\"\/index.php\/2021\/03\/01\/toward2030-larte-urbana-per-lo-sviluppo-sostenibile\/\"><\/p>\n<p>        <img decoding=\"async\" src=\"\/wp-content\/uploads\/2021\/03\/locandine-1080-x-1600.jpg\" alt=\"\"><\/p>\n<p><\/a><\/p>\n<\/li>\n<li>\n<p>        <a href=\"\/index.php\/2021\/03\/16\/stromboli\/\"><\/p>\n<p>        <img decoding=\"async\" src=\"\/wp-content\/uploads\/2021\/03\/thumbnail_SPONSOR_locandina-Stromboli_FUOCO.jpg\" alt=\"\"><\/p>\n<p><\/a><\/p>\n<\/li>\n<\/ul>\n<hr>\n<p><!--more--><br \/>\n<!-- {\"name\":\"Movie Post\",\"type\":\"layout\",\"children\":[{\"type\":\"section\",\"props\":{\"style\":\"default\",\"width\":\"default\",\"vertical_align\":\"middle\",\"title_position\":\"top-left\",\"title_rotation\":\"left\",\"title_breakpoint\":\"xl\",\"image_position\":\"center-center\",\"padding\":\"xlarge\",\"animation\":\"fade\",\"image_size\":\"cover\",\"image_width\":\"2560\",\"image\":\"wp-content\\\/uploads\\\/2021\\\/10\\\/base-locandina.jpg\",\"text_color\":\"light\"},\"children\":[{\"type\":\"row\",\"props\":{\"width\":\"default\"},\"children\":[{\"type\":\"column\",\"props\":{\"image_position\":\"center-center\",\"media_overlay_gradient\":\"\",\"vertical_align\":\"middle\",\"padding\":\"none\",\"width_medium\":\"1-1\"},\"children\":[{\"type\":\"headline\",\"props\":{\"title_element\":\"div\",\"title_style\":\"h4\",\"margin\":\"small\",\"content\":\"Documentario\",\"link\":\"#\"}},{\"type\":\"headline\",\"props\":{\"title_element\":\"h1\",\"margin\":\"remove-vertical\",\"content\":\"Today for Tomorrow\"}}]}]}],\"name\":\"Hero\"},{\"type\":\"section\",\"props\":{\"style\":\"default\",\"width\":\"default\",\"vertical_align\":\"middle\",\"title_position\":\"top-left\",\"title_rotation\":\"left\",\"title_breakpoint\":\"xl\",\"image_position\":\"center-center\",\"animation\":\"slide-left-small\",\"padding_remove_bottom\":false},\"children\":[{\"type\":\"row\",\"props\":{\"layout\":\"2-3,1-3\",\"column_gap\":\"large\"},\"children\":[{\"type\":\"column\",\"props\":{\"image_position\":\"center-center\",\"media_overlay_gradient\":\"\",\"width_small\":\"2-3\"},\"children\":[{\"type\":\"quotation\",\"props\":{\"content\":\"\n\n<p>Non ci mancano le idee, ci manca la capacit\\u00e0 di reagire<\\\/p>\"}},{\"type\":\"text\",\"props\":{\"margin\":\"default\",\"column_breakpoint\":\"m\",\"text_style\":\"lead\",\"animation\":\"none\",\"content\":\"\n\n<p>Today for Tomorrow \\u00e8 un progetto di serialit\\u00e0 documentaristica che vuole narrare i progetti virtuosi realizzati da giovani in tutta Italia verso uno sviluppo sostenibile.<\\\/p>\"}},{\"type\":\"divider\",\"props\":{\"divider_element\":\"hr\",\"divider_style\":\"small\",\"divider_align\":\"\",\"divider_align_breakpoint\":\"\",\"divider_align_fallback\":\"\",\"margin\":\"medium\",\"animation\":\"none\"}},{\"type\":\"text\",\"props\":{\"margin\":\"default\",\"column_breakpoint\":\"m\",\"animation\":\"none\",\"dropcap\":false,\"content\":\"\n\n<p>Il progetto Today for Tomorrow nasce da una sensazione che ho avuto mentre guardavo le proiezioni del Festival CinemAmbiente 2020: come possono i giovani credere ancora ad un futuro sostenibile mentre si continua a parlare e ignorare le loro richieste, con notizie e film disastrosi sul futuro che ci aspetta.<\\\/p>\\n\n\n<p>A distanza di un anno il Bla Bla Bla di Greta \\u00e8 diventato virale, i ragazzi sono sempre pi\\u00f9 arrabbiati, i Friday for future che abbiamo seguiro per la lavorazione del film sono stanchi delle parole a vuoto e sembra che non si riesca a trovare il badolo della matassa. Il tempo passa, e il pianeta continua la sua inesorabile discesa verso l'insostenbilit\\u00e0.<\\\/p>\\n\n\n<p>In questi ultimi 12 mesi abbiamo deciso di tornare ad agire dopo aver parlato di ambiente nel documentario <a href=\\\"https:\\\/\\\/www.alessandrogenitori.com\\\/index.php\\\/2021\\\/02\\\/22\\\/street-art-documentario\\\/\\\" target=\\\"_blank\\\" rel=\\\"noopener\\\">\\\"Toward2030\\\"<\\\/a>. Con un'idea chiara in testa, raccontare quelle realt\\u00e0 italiane che grazie all'alleanza tra giovani e meno giovani hanno creato percorsi virutuosi verso uno sviluppo sostenibile. Con la consapevolezza che non ci mancano le idee, ci manca la capacit\\u00e0 di reagire.<\\\/p>\\n\n\n<p>Una idea che ha entusismato ASVIS che mi ha dato il suo appoggio, e che mi ha visto una volta di pi\\u00f9 collaborare con il mio amico e regista Elis Karakaci. Il nostro sodalizio si \\u00e8 allargato con la presenza del produttore esecutivo Francesco Dragone, che ha sposato il progetto portando la sua vasta rete di conoscenze e competenze. <br \\\/><br \\\/>Ma quale storia raccontare per prima? Per il mio percorso lavorativo, \\u00e8 stato per me naturale confrontarmi con Cifa for People, realt\\u00e0 che conosco bene avendo pi\\u00f9 volte lavorato con loro in Italia e all'estero con il reportage realizzato in Etiopia per la loro campagna di comunicazione. Ed \\u00e8 stato altrettanto naturale individuare come puntata pilota la narrazione del progetto Sostenibilmente. Un progetto di educazione ambientale che oltre ad aver sensibilizzato giovani di tutta Italia con una serie di fantastiche lezioni nelle scuole, ha visto una collaborazione con La Stampa di Torino al fine di creare una masterclass dove giovani ragazzi potessero apprendere l'arte del giornalismo e come poter comunicare al meglio lo sviluppo sostenibile.<\\\/p>\\n\n\n<h3>Guarda il Trailer<\\\/h3>\"}},{\"type\":\"video\",\"props\":{\"video_controls\":true,\"margin\":\"default\",\"video\":\"https:\\\/\\\/youtu.be\\\/0jfkd8DPtJc\",\"video_width\":\"1920\"}},{\"type\":\"text\",\"props\":{\"margin\":\"default\",\"column_breakpoint\":\"m\",\"content\":\"\n\n<p>Il progetto ha visto subito la presenza di <strong>Emanuele Russo<\\\/strong>, <span>Global Citizenship Education Officer<\\\/span> di Cifa e Presidente di Amnesty International Italia. Le sue parole sono state supportate dal capo progetto di Sostenbilmente <strong>Alessandra Verrienti<\\\/strong>. Entrambi hanno raccontato l'importanza dell'Alleanza tra giovani e meno giovani. Per La Stampa \\u00e8 intervenuta<strong> Anna Masera<\\\/strong>, giornalista e blogger italiana, garante dei lettori del celebre giornale torinese. E oltre i giovani partecipanti al progetto che si sono cimentati nella creazione di articoli sulla citt\\u00e0 sostenibile e la moda sostenibile, abbiamo avuto il piacere di avere come testimonial di eccezione del nostro progetto l'attrice <strong>Anna Favella<\\\/strong>, che con la sua voce ci ha guidato nella narrazione della puntata.<\\\/p>\"}}]},{\"type\":\"column\",\"props\":{\"image_position\":\"center-center\",\"media_overlay_gradient\":\"\",\"width_small\":\"1-3\"},\"children\":[{\"type\":\"divider\",\"props\":{\"divider_element\":\"hr\",\"divider_style\":\"\",\"divider_align\":\"\",\"divider_align_breakpoint\":\"\",\"divider_align_fallback\":\"\",\"margin\":\"large\",\"animation\":\"none\",\"visibility\":\"hidden-s\",\"class\":\"\"}},{\"type\":\"headline\",\"props\":{\"title_element\":\"h2\",\"animation\":\"none\",\"visibility\":\"hidden-s\",\"content\":\"Movie\",\"class\":\"\"}},{\"type\":\"image\",\"props\":{\"margin\":\"default\",\"image_svg_color\":\"emphasis\",\"link_target\":\"modal\",\"image_width\":\"610\",\"lightbox_height\":\"1000\",\"margin_remove_top\":true,\"image\":\"wp-content\\\/uploads\\\/2021\\\/10\\\/locandina-LLQ.jpg\",\"image_alt\":\"\",\"link\":\"wp-content\\\/uploads\\\/movies-post-the-finch-intro.jpg\"}},{\"type\":\"headline\",\"props\":{\"title_element\":\"h3\",\"content\":\"Details\"}},{\"type\":\"description_list\",\"props\":{\"show_title\":true,\"show_meta\":true,\"show_content\":true,\"show_link\":true,\"layout\":\"grid-2\",\"title_grid_width\":\"small\",\"title_grid_column_gap\":\"small\",\"title_grid_row_gap\":\"small\",\"meta_style\":\"meta\",\"meta_align\":\"below-content\",\"title_style\":\"h5\",\"title_grid_breakpoint\":\"m\",\"list_size\":\"large\",\"title_element\":\"h3\",\"list_element\":\"ul\",\"column_breakpoint\":\"m\"},\"children\":[{\"type\":\"description_list_item\",\"props\":{\"title\":\"Regista\",\"content\":\"\n\n<p>Alessandro Genitori, Elis Karakaci<\\\/p>\"}},{\"type\":\"description_list_item\",\"props\":{\"title\":\"Produttore Esecutivo\",\"content\":\"\n\n<p>Francesco Dragone<\\\/p>\"}},{\"type\":\"description_list_item\",\"props\":{\"title\":\"Testi\",\"content\":\"\n\n<p>Michela Locati<\\\/p>\"}},{\"type\":\"description_list_item\",\"props\":{\"title\":\"Paese\",\"content\":\"\n\n<p>Italia<\\\/p>\"}},{\"type\":\"description_list_item\",\"props\":{\"title\":\"Uscita cinematografica\",\"content\":\"\n\n<p>6 ottobre 2021<\\\/p>\"}},{\"type\":\"description_list_item\",\"props\":{\"title\":\"Studio\",\"content\":\"\n\n<p>AMNC, Filmika, Cinemage<\\\/p>\"}},{\"type\":\"description_list_item\",\"props\":{\"title\":\"Tempo\",\"content\":\"\n\n<p>25 minuti<\\\/p>\"}}]},{\"type\":\"divider\",\"props\":{\"divider_element\":\"hr\",\"divider_style\":\"\",\"divider_align\":\"\",\"divider_align_breakpoint\":\"\",\"divider_align_fallback\":\"\",\"margin\":\"medium\",\"animation\":\"none\"}},{\"type\":\"headline\",\"props\":{\"title_element\":\"h3\",\"content\":\"Cast\"}},{\"type\":\"grid\",\"props\":{\"show_title\":true,\"show_meta\":true,\"show_content\":true,\"show_image\":true,\"show_link\":true,\"grid_default\":\"3\",\"grid_medium\":\"3\",\"filter_style\":\"tab\",\"filter_all\":true,\"filter_position\":\"top\",\"filter_align\":\"left\",\"filter_grid_width\":\"auto\",\"filter_grid_breakpoint\":\"m\",\"title_hover_style\":\"reset\",\"title_element\":\"h3\",\"title_align\":\"top\",\"title_grid_width\":\"1-2\",\"title_grid_breakpoint\":\"m\",\"meta_style\":\"meta\",\"meta_align\":\"below-title\",\"image_align\":\"top\",\"image_grid_width\":\"1-2\",\"image_grid_breakpoint\":\"m\",\"image_svg_color\":\"emphasis\",\"link_text\":\"Read more\",\"link_style\":\"default\",\"margin\":\"default\",\"item_animation\":true,\"grid_column_gap\":\"small\",\"grid_small\":\"2\",\"title_style\":\"h6\",\"title_margin\":\"small\",\"image_border\":\"circle\",\"text_align\":\"center\",\"image_width\":\"80\",\"image_height\":\"80\",\"icon_width\":80,\"meta_element\":\"div\",\"content_column_breakpoint\":\"m\"},\"children\":[{\"type\":\"grid_item\",\"props\":{\"title\":\"Anna Favella\",\"image\":\"wp-content\\\/uploads\\\/2021\\\/10\\\/Anna-Favella2.jpg\",\"image_alt\":\"\"}},{\"type\":\"grid_item\",\"props\":{\"title\":\"Emanuele Russo\",\"image\":\"wp-content\\\/uploads\\\/2021\\\/10\\\/emanuele-russo-presidente-scaled.jpg\",\"image_alt\":\"\",\"content\":\"\"}},{\"type\":\"grid_item\",\"props\":{\"title\":\"Anna Masera\",\"image\":\"wp-content\\\/uploads\\\/2021\\\/10\\\/Anna_Masera_2.jpg\",\"image_alt\":\"\"}},{\"type\":\"grid_item\",\"props\":{\"title\":\"Alessandra Verrienti\",\"image\":\"wp-content\\\/uploads\\\/2021\\\/10\\\/Ale-Verrienti.jpg\",\"image_alt\":\"\"}}]},{\"type\":\"divider\",\"props\":{\"divider_element\":\"hr\",\"divider_style\":\"\",\"divider_align\":\"\",\"divider_align_breakpoint\":\"\",\"divider_align_fallback\":\"\",\"margin\":\"medium\",\"animation\":\"none\"}},{\"type\":\"headline\",\"props\":{\"title_element\":\"h3\",\"content\":\"Cast Tecnico\"}},{\"type\":\"grid\",\"props\":{\"show_title\":true,\"show_meta\":true,\"show_content\":true,\"show_image\":true,\"show_link\":true,\"grid_default\":\"3\",\"grid_medium\":\"3\",\"filter_style\":\"tab\",\"filter_all\":true,\"filter_position\":\"top\",\"filter_align\":\"left\",\"filter_grid_width\":\"auto\",\"filter_grid_breakpoint\":\"m\",\"title_hover_style\":\"reset\",\"title_element\":\"h3\",\"title_align\":\"top\",\"title_grid_width\":\"1-2\",\"title_grid_breakpoint\":\"m\",\"meta_style\":\"meta\",\"meta_align\":\"below-title\",\"image_align\":\"top\",\"image_grid_width\":\"1-2\",\"image_grid_breakpoint\":\"m\",\"image_svg_color\":\"emphasis\",\"link_text\":\"Read more\",\"link_style\":\"default\",\"margin\":\"default\",\"item_animation\":true,\"grid_column_gap\":\"small\",\"grid_small\":\"2\",\"title_style\":\"h6\",\"title_margin\":\"small\",\"image_border\":\"circle\",\"text_align\":\"center\",\"image_width\":\"80\",\"image_height\":\"80\",\"icon_width\":80,\"meta_element\":\"div\",\"content_column_breakpoint\":\"m\"},\"children\":[{\"type\":\"grid_item\",\"props\":{\"title\":\"Alessandro Genitori\",\"image\":\"wp-content\\\/uploads\\\/2021\\\/02\\\/0H9A0124.jpeg\",\"image_alt\":\"\"}},{\"type\":\"grid_item\",\"props\":{\"title\":\"Elis Karakaci\",\"image\":\"wp-content\\\/uploads\\\/2021\\\/10\\\/Foto-Elis-Karakaci-LQ.jpg\",\"image_alt\":\"\"}},{\"type\":\"grid_item\",\"props\":{\"title\":\"Francesco Dragone\",\"image\":\"wp-content\\\/uploads\\\/2021\\\/10\\\/Foto-Francesco-Dragone.jpg\",\"image_alt\":\"\"}}]},{\"type\":\"divider\",\"props\":{\"divider_element\":\"hr\",\"divider_style\":\"\",\"divider_align\":\"\",\"divider_align_breakpoint\":\"\",\"divider_align_fallback\":\"\",\"margin\":\"medium\",\"animation\":\"none\"}}]}]}],\"name\":\"Movie\"},{\"type\":\"section\",\"props\":{\"style\":\"default\",\"width\":\"default\",\"vertical_align\":\"middle\",\"title_position\":\"top-left\",\"title_rotation\":\"left\",\"title_breakpoint\":\"xl\",\"image_position\":\"center-center\",\"padding\":\"large\",\"animation\":\"fade\",\"padding_remove_top\":true},\"children\":[{\"type\":\"row\",\"children\":[{\"type\":\"column\",\"props\":{\"image_position\":\"center-center\",\"media_overlay_gradient\":\"\",\"width_medium\":\"1-1\"},\"children\":[{\"type\":\"headline\",\"props\":{\"title_element\":\"h2\",\"title_decoration\":\"bullet\",\"animation\":\"none\",\"content\":\"Scopri i miei progetti\"}},{\"type\":\"overlay-slider\",\"props\":{\"show_title\":true,\"show_meta\":true,\"show_content\":true,\"show_link\":true,\"slider_width\":\"fixed\",\"slider_width_default\":\"1-2\",\"slider_width_medium\":\"1-4\",\"slider_min_height\":300,\"slider_gap\":\"small\",\"slider_autoplay_pause\":true,\"nav\":\"\",\"nav_align\":\"center\",\"nav_breakpoint\":\"s\",\"slidenav\":\"default\",\"slidenav_margin\":\"\",\"slidenav_breakpoint\":\"m\",\"slidenav_outside_breakpoint\":\"xl\",\"overlay_mode\":\"cover\",\"overlay_position\":\"center\",\"overlay_transition\":\"fade\",\"title_element\":\"h3\",\"meta_style\":\"meta\",\"meta_align\":\"below-title\",\"link_text\":\"\",\"link_style\":\"default\",\"text_align\":\"center\",\"margin\":\"default\",\"slider_height\":\"\",\"slider_width_small\":\"1-3\",\"slider_width_large\":\"1-5\",\"slider_width_xlarge\":\"\",\"nav_margin\":\"\",\"nav_color\":\"\",\"slidenav_color\":\"light\",\"slidenav_outside_color\":\"\",\"animation\":\"slide-left-small\",\"slidenav_hover\":true,\"slidenav_large\":true,\"slider_autoplay\":true,\"image_width\":\"300\",\"overlay_link\":true,\"title_hover_style\":\"reset\",\"meta_element\":\"div\"},\"children\":[{\"type\":\"overlay-slider_item\",\"props\":{\"image\":\"wp-content\\\/uploads\\\/2021\\\/02\\\/locandina-ale-scaled.jpg\",\"image_alt\":\"\",\"link\":\"index.php\\\/2021\\\/02\\\/22\\\/street-art-documentario\\\/\"}},{\"type\":\"overlay-slider_item\",\"props\":{\"image\":\"wp-content\\\/uploads\\\/2021\\\/02\\\/Beyond-Walls.jpg\",\"image_alt\":\"\",\"link\":\"https:\\\/\\\/www.alessandrogenitori.com\\\/index.php\\\/2021\\\/02\\\/27\\\/beyond-walls-saype\\\/\"}},{\"type\":\"overlay-slider_item\",\"props\":{\"image\":\"wp-content\\\/uploads\\\/2021\\\/06\\\/locandina.jpg\",\"image_alt\":\"\",\"link\":\"index.php\\\/2021\\\/07\\\/10\\\/eleganza-estemporanea\\\/\"}},{\"type\":\"overlay-slider_item\",\"props\":{\"image\":\"wp-content\\\/uploads\\\/2021\\\/03\\\/locandine-1080-x-1600.jpg\",\"image_alt\":\"\",\"link\":\"index.php\\\/2021\\\/03\\\/01\\\/toward2030-larte-urbana-per-lo-sviluppo-sostenibile\\\/\"}},{\"type\":\"overlay-slider_item\",\"props\":{\"image\":\"wp-content\\\/uploads\\\/2021\\\/03\\\/thumbnail_SPONSOR_locandina-Stromboli_FUOCO.jpg\",\"image_alt\":\"\",\"link\":\"index.php\\\/2021\\\/03\\\/16\\\/stromboli\\\/\"}}]},{\"type\":\"divider\",\"props\":{\"divider_element\":\"hr\"}},{\"type\":\"pagination\",\"props\":{\"pagination_type\":\"previous\\\/next\",\"text_align\":\"center\"}}]}]}],\"name\":\"Related Movies\"}],\"version\":\"2.4.3\"} --><\/p>\n","protected":false},"excerpt":{"rendered":"<p>Documentario Today for Tomorrow Non ci mancano le idee, ci manca la capacit\u00e0 di reagire Today for Tomorrow \u00e8 un progetto di serialit\u00e0 documentaristica che vuole narrare i progetti virtuosi realizzati da giovani in tutta Italia verso uno sviluppo sostenibile. Il progetto Today for Tomorrow nasce da una sensazione che ho avuto mentre guardavo le [&hellip;]<\/p>\n","protected":false},"author":1,"featured_media":1044,"comment_status":"open","ping_status":"open","sticky":false,"template":"","format":"standard","meta":{"footnotes":""},"categories":[1],"tags":[13,15,14,12,8],"yoast_head":"<!-- This site is optimized with the Yoast SEO plugin v22.6 - https:\/\/yoast.com\/wordpress\/plugins\/seo\/ -->\r\n<title>Today for Tomorrow &#187; Alessandro Genitori<\/title>\r\n<meta name=\"description\" content=\"Progetto di serialit\u00e0 che vuole raccontare un \u201cfuturo possibile\u201d. Non ci mancano le idee, ci manca la capacit\u00e0 di reagire\" \/>\r\n<meta name=\"robots\" content=\"index, follow, max-snippet:-1, max-image-preview:large, max-video-preview:-1\" \/>\r\n<link rel=\"canonical\" href=\"https:\/\/www.alessandrogenitori.com\/index.php\/2021\/10\/03\/today-for-tomorrow\/\" \/>\r\n<meta property=\"og:locale\" content=\"it_IT\" \/>\r\n<meta property=\"og:type\" content=\"article\" \/>\r\n<meta property=\"og:title\" content=\"Today for Tomorrow &#187; Alessandro Genitori\" \/>\r\n<meta property=\"og:description\" content=\"Progetto di serialit\u00e0 che vuole raccontare un \u201cfuturo possibile\u201d. Non ci mancano le idee, ci manca la capacit\u00e0 di reagire\" \/>\r\n<meta property=\"og:url\" content=\"https:\/\/www.alessandrogenitori.com\/index.php\/2021\/10\/03\/today-for-tomorrow\/\" \/>\r\n<meta property=\"og:site_name\" content=\"Alessandro Genitori\" \/>\r\n<meta property=\"article:publisher\" content=\"https:\/\/www.facebook.com\/alessandro.genitori\" \/>\r\n<meta property=\"article:published_time\" content=\"2021-10-03T10:08:32+00:00\" \/>\r\n<meta property=\"article:modified_time\" content=\"2021-10-29T12:32:46+00:00\" \/>\r\n<meta property=\"og:image\" content=\"https:\/\/www.alessandrogenitori.com\/wp-content\/uploads\/2021\/10\/copertina-blog.jpg\" \/>\r\n\t<meta property=\"og:image:width\" content=\"1920\" \/>\r\n\t<meta property=\"og:image:height\" content=\"1080\" \/>\r\n\t<meta property=\"og:image:type\" content=\"image\/jpeg\" \/>\r\n<meta name=\"author\" content=\"Alessandro Genitori\" \/>\r\n<meta name=\"twitter:card\" content=\"summary_large_image\" \/>\r\n<meta name=\"twitter:label1\" content=\"Scritto da\" \/>\n\t<meta name=\"twitter:data1\" content=\"Alessandro Genitori\" \/>\n\t<meta name=\"twitter:label2\" content=\"Tempo di lettura stimato\" \/>\n\t<meta name=\"twitter:data2\" content=\"3 minuti\" \/>\r\n<script type=\"application\/ld+json\" class=\"yoast-schema-graph\">{\"@context\":\"https:\/\/schema.org\",\"@graph\":[{\"@type\":\"Article\",\"@id\":\"https:\/\/www.alessandrogenitori.com\/index.php\/2021\/10\/03\/today-for-tomorrow\/#article\",\"isPartOf\":{\"@id\":\"https:\/\/www.alessandrogenitori.com\/index.php\/2021\/10\/03\/today-for-tomorrow\/\"},\"author\":{\"name\":\"Alessandro Genitori\",\"@id\":\"https:\/\/www.alessandrogenitori.com\/#\/schema\/person\/cc5c16f7bda40e12fa358d3ab5a1bff1\"},\"headline\":\"Today for Tomorrow\",\"datePublished\":\"2021-10-03T10:08:32+00:00\",\"dateModified\":\"2021-10-29T12:32:46+00:00\",\"mainEntityOfPage\":{\"@id\":\"https:\/\/www.alessandrogenitori.com\/index.php\/2021\/10\/03\/today-for-tomorrow\/\"},\"wordCount\":543,\"commentCount\":0,\"publisher\":{\"@id\":\"https:\/\/www.alessandrogenitori.com\/#organization\"},\"image\":{\"@id\":\"https:\/\/www.alessandrogenitori.com\/index.php\/2021\/10\/03\/today-for-tomorrow\/#primaryimage\"},\"thumbnailUrl\":\"https:\/\/www.alessandrogenitori.com\/wp-content\/uploads\/2021\/10\/copertina-blog.jpg\",\"keywords\":[\"ambiente\",\"friday\",\"futuro\",\"sostenibilit\u00e0\",\"video\"],\"articleSection\":[\"BLOG\"],\"inLanguage\":\"it-IT\",\"potentialAction\":[{\"@type\":\"CommentAction\",\"name\":\"Comment\",\"target\":[\"https:\/\/www.alessandrogenitori.com\/index.php\/2021\/10\/03\/today-for-tomorrow\/#respond\"]}]},{\"@type\":\"WebPage\",\"@id\":\"https:\/\/www.alessandrogenitori.com\/index.php\/2021\/10\/03\/today-for-tomorrow\/\",\"url\":\"https:\/\/www.alessandrogenitori.com\/index.php\/2021\/10\/03\/today-for-tomorrow\/\",\"name\":\"Today for Tomorrow &#187; Alessandro Genitori\",\"isPartOf\":{\"@id\":\"https:\/\/www.alessandrogenitori.com\/#website\"},\"primaryImageOfPage\":{\"@id\":\"https:\/\/www.alessandrogenitori.com\/index.php\/2021\/10\/03\/today-for-tomorrow\/#primaryimage\"},\"image\":{\"@id\":\"https:\/\/www.alessandrogenitori.com\/index.php\/2021\/10\/03\/today-for-tomorrow\/#primaryimage\"},\"thumbnailUrl\":\"https:\/\/www.alessandrogenitori.com\/wp-content\/uploads\/2021\/10\/copertina-blog.jpg\",\"datePublished\":\"2021-10-03T10:08:32+00:00\",\"dateModified\":\"2021-10-29T12:32:46+00:00\",\"description\":\"Progetto di serialit\u00e0 che vuole raccontare un \u201cfuturo possibile\u201d. Non ci mancano le idee, ci manca la capacit\u00e0 di reagire\",\"breadcrumb\":{\"@id\":\"https:\/\/www.alessandrogenitori.com\/index.php\/2021\/10\/03\/today-for-tomorrow\/#breadcrumb\"},\"inLanguage\":\"it-IT\",\"potentialAction\":[{\"@type\":\"ReadAction\",\"target\":[\"https:\/\/www.alessandrogenitori.com\/index.php\/2021\/10\/03\/today-for-tomorrow\/\"]}]},{\"@type\":\"ImageObject\",\"inLanguage\":\"it-IT\",\"@id\":\"https:\/\/www.alessandrogenitori.com\/index.php\/2021\/10\/03\/today-for-tomorrow\/#primaryimage\",\"url\":\"https:\/\/www.alessandrogenitori.com\/wp-content\/uploads\/2021\/10\/copertina-blog.jpg\",\"contentUrl\":\"https:\/\/www.alessandrogenitori.com\/wp-content\/uploads\/2021\/10\/copertina-blog.jpg\",\"width\":1920,\"height\":1080},{\"@type\":\"BreadcrumbList\",\"@id\":\"https:\/\/www.alessandrogenitori.com\/index.php\/2021\/10\/03\/today-for-tomorrow\/#breadcrumb\",\"itemListElement\":[{\"@type\":\"ListItem\",\"position\":1,\"name\":\"Home\",\"item\":\"https:\/\/www.alessandrogenitori.com\/\"},{\"@type\":\"ListItem\",\"position\":2,\"name\":\"Today for Tomorrow\"}]},{\"@type\":\"WebSite\",\"@id\":\"https:\/\/www.alessandrogenitori.com\/#website\",\"url\":\"https:\/\/www.alessandrogenitori.com\/\",\"name\":\"Alessandro Genitori\",\"description\":\"VIVO RACCONTO CREO\",\"publisher\":{\"@id\":\"https:\/\/www.alessandrogenitori.com\/#organization\"},\"potentialAction\":[{\"@type\":\"SearchAction\",\"target\":{\"@type\":\"EntryPoint\",\"urlTemplate\":\"https:\/\/www.alessandrogenitori.com\/?s={search_term_string}\"},\"query-input\":\"required name=search_term_string\"}],\"inLanguage\":\"it-IT\"},{\"@type\":\"Organization\",\"@id\":\"https:\/\/www.alessandrogenitori.com\/#organization\",\"name\":\"Alessandro Genitori\",\"url\":\"https:\/\/www.alessandrogenitori.com\/\",\"logo\":{\"@type\":\"ImageObject\",\"inLanguage\":\"it-IT\",\"@id\":\"https:\/\/www.alessandrogenitori.com\/#\/schema\/logo\/image\/\",\"url\":\"https:\/\/www.alessandrogenitori.com\/wp-content\/uploads\/2021\/02\/LOGO_ALE-1.svg\",\"contentUrl\":\"https:\/\/www.alessandrogenitori.com\/wp-content\/uploads\/2021\/02\/LOGO_ALE-1.svg\",\"width\":1,\"height\":1,\"caption\":\"Alessandro Genitori\"},\"image\":{\"@id\":\"https:\/\/www.alessandrogenitori.com\/#\/schema\/logo\/image\/\"},\"sameAs\":[\"https:\/\/www.facebook.com\/alessandro.genitori\",\"https:\/\/www.instagram.com\/alegeni\/\"]},{\"@type\":\"Person\",\"@id\":\"https:\/\/www.alessandrogenitori.com\/#\/schema\/person\/cc5c16f7bda40e12fa358d3ab5a1bff1\",\"name\":\"Alessandro Genitori\",\"image\":{\"@type\":\"ImageObject\",\"inLanguage\":\"it-IT\",\"@id\":\"https:\/\/www.alessandrogenitori.com\/#\/schema\/person\/image\/\",\"url\":\"https:\/\/secure.gravatar.com\/avatar\/9d291643d27a52d6af7074282b6b81b3?s=96&d=mm&r=g\",\"contentUrl\":\"https:\/\/secure.gravatar.com\/avatar\/9d291643d27a52d6af7074282b6b81b3?s=96&d=mm&r=g\",\"caption\":\"Alessandro Genitori\"},\"sameAs\":[\"https:\/\/www.alessandrogenitori.com\"]}]}<\/script>\r\n<!-- \/ Yoast SEO plugin. -->","yoast_head_json":{"title":"Today for Tomorrow &#187; Alessandro Genitori","description":"Progetto di serialit\u00e0 che vuole raccontare un \u201cfuturo possibile\u201d. Non ci mancano le idee, ci manca la capacit\u00e0 di reagire","robots":{"index":"index","follow":"follow","max-snippet":"max-snippet:-1","max-image-preview":"max-image-preview:large","max-video-preview":"max-video-preview:-1"},"canonical":"https:\/\/www.alessandrogenitori.com\/index.php\/2021\/10\/03\/today-for-tomorrow\/","og_locale":"it_IT","og_type":"article","og_title":"Today for Tomorrow &#187; Alessandro Genitori","og_description":"Progetto di serialit\u00e0 che vuole raccontare un \u201cfuturo possibile\u201d. Non ci mancano le idee, ci manca la capacit\u00e0 di reagire","og_url":"https:\/\/www.alessandrogenitori.com\/index.php\/2021\/10\/03\/today-for-tomorrow\/","og_site_name":"Alessandro Genitori","article_publisher":"https:\/\/www.facebook.com\/alessandro.genitori","article_published_time":"2021-10-03T10:08:32+00:00","article_modified_time":"2021-10-29T12:32:46+00:00","og_image":[{"width":1920,"height":1080,"url":"https:\/\/www.alessandrogenitori.com\/wp-content\/uploads\/2021\/10\/copertina-blog.jpg","type":"image\/jpeg"}],"author":"Alessandro Genitori","twitter_card":"summary_large_image","twitter_misc":{"Scritto da":"Alessandro Genitori","Tempo di lettura stimato":"3 minuti"},"schema":{"@context":"https:\/\/schema.org","@graph":[{"@type":"Article","@id":"https:\/\/www.alessandrogenitori.com\/index.php\/2021\/10\/03\/today-for-tomorrow\/#article","isPartOf":{"@id":"https:\/\/www.alessandrogenitori.com\/index.php\/2021\/10\/03\/today-for-tomorrow\/"},"author":{"name":"Alessandro Genitori","@id":"https:\/\/www.alessandrogenitori.com\/#\/schema\/person\/cc5c16f7bda40e12fa358d3ab5a1bff1"},"headline":"Today for Tomorrow","datePublished":"2021-10-03T10:08:32+00:00","dateModified":"2021-10-29T12:32:46+00:00","mainEntityOfPage":{"@id":"https:\/\/www.alessandrogenitori.com\/index.php\/2021\/10\/03\/today-for-tomorrow\/"},"wordCount":543,"commentCount":0,"publisher":{"@id":"https:\/\/www.alessandrogenitori.com\/#organization"},"image":{"@id":"https:\/\/www.alessandrogenitori.com\/index.php\/2021\/10\/03\/today-for-tomorrow\/#primaryimage"},"thumbnailUrl":"https:\/\/www.alessandrogenitori.com\/wp-content\/uploads\/2021\/10\/copertina-blog.jpg","keywords":["ambiente","friday","futuro","sostenibilit\u00e0","video"],"articleSection":["BLOG"],"inLanguage":"it-IT","potentialAction":[{"@type":"CommentAction","name":"Comment","target":["https:\/\/www.alessandrogenitori.com\/index.php\/2021\/10\/03\/today-for-tomorrow\/#respond"]}]},{"@type":"WebPage","@id":"https:\/\/www.alessandrogenitori.com\/index.php\/2021\/10\/03\/today-for-tomorrow\/","url":"https:\/\/www.alessandrogenitori.com\/index.php\/2021\/10\/03\/today-for-tomorrow\/","name":"Today for Tomorrow &#187; Alessandro Genitori","isPartOf":{"@id":"https:\/\/www.alessandrogenitori.com\/#website"},"primaryImageOfPage":{"@id":"https:\/\/www.alessandrogenitori.com\/index.php\/2021\/10\/03\/today-for-tomorrow\/#primaryimage"},"image":{"@id":"https:\/\/www.alessandrogenitori.com\/index.php\/2021\/10\/03\/today-for-tomorrow\/#primaryimage"},"thumbnailUrl":"https:\/\/www.alessandrogenitori.com\/wp-content\/uploads\/2021\/10\/copertina-blog.jpg","datePublished":"2021-10-03T10:08:32+00:00","dateModified":"2021-10-29T12:32:46+00:00","description":"Progetto di serialit\u00e0 che vuole raccontare un \u201cfuturo possibile\u201d. Non ci mancano le idee, ci manca la capacit\u00e0 di reagire","breadcrumb":{"@id":"https:\/\/www.alessandrogenitori.com\/index.php\/2021\/10\/03\/today-for-tomorrow\/#breadcrumb"},"inLanguage":"it-IT","potentialAction":[{"@type":"ReadAction","target":["https:\/\/www.alessandrogenitori.com\/index.php\/2021\/10\/03\/today-for-tomorrow\/"]}]},{"@type":"ImageObject","inLanguage":"it-IT","@id":"https:\/\/www.alessandrogenitori.com\/index.php\/2021\/10\/03\/today-for-tomorrow\/#primaryimage","url":"https:\/\/www.alessandrogenitori.com\/wp-content\/uploads\/2021\/10\/copertina-blog.jpg","contentUrl":"https:\/\/www.alessandrogenitori.com\/wp-content\/uploads\/2021\/10\/copertina-blog.jpg","width":1920,"height":1080},{"@type":"BreadcrumbList","@id":"https:\/\/www.alessandrogenitori.com\/index.php\/2021\/10\/03\/today-for-tomorrow\/#breadcrumb","itemListElement":[{"@type":"ListItem","position":1,"name":"Home","item":"https:\/\/www.alessandrogenitori.com\/"},{"@type":"ListItem","position":2,"name":"Today for Tomorrow"}]},{"@type":"WebSite","@id":"https:\/\/www.alessandrogenitori.com\/#website","url":"https:\/\/www.alessandrogenitori.com\/","name":"Alessandro Genitori","description":"VIVO RACCONTO CREO","publisher":{"@id":"https:\/\/www.alessandrogenitori.com\/#organization"},"potentialAction":[{"@type":"SearchAction","target":{"@type":"EntryPoint","urlTemplate":"https:\/\/www.alessandrogenitori.com\/?s={search_term_string}"},"query-input":"required name=search_term_string"}],"inLanguage":"it-IT"},{"@type":"Organization","@id":"https:\/\/www.alessandrogenitori.com\/#organization","name":"Alessandro Genitori","url":"https:\/\/www.alessandrogenitori.com\/","logo":{"@type":"ImageObject","inLanguage":"it-IT","@id":"https:\/\/www.alessandrogenitori.com\/#\/schema\/logo\/image\/","url":"https:\/\/www.alessandrogenitori.com\/wp-content\/uploads\/2021\/02\/LOGO_ALE-1.svg","contentUrl":"https:\/\/www.alessandrogenitori.com\/wp-content\/uploads\/2021\/02\/LOGO_ALE-1.svg","width":1,"height":1,"caption":"Alessandro Genitori"},"image":{"@id":"https:\/\/www.alessandrogenitori.com\/#\/schema\/logo\/image\/"},"sameAs":["https:\/\/www.facebook.com\/alessandro.genitori","https:\/\/www.instagram.com\/alegeni\/"]},{"@type":"Person","@id":"https:\/\/www.alessandrogenitori.com\/#\/schema\/person\/cc5c16f7bda40e12fa358d3ab5a1bff1","name":"Alessandro Genitori","image":{"@type":"ImageObject","inLanguage":"it-IT","@id":"https:\/\/www.alessandrogenitori.com\/#\/schema\/person\/image\/","url":"https:\/\/secure.gravatar.com\/avatar\/9d291643d27a52d6af7074282b6b81b3?s=96&d=mm&r=g","contentUrl":"https:\/\/secure.gravatar.com\/avatar\/9d291643d27a52d6af7074282b6b81b3?s=96&d=mm&r=g","caption":"Alessandro Genitori"},"sameAs":["https:\/\/www.alessandrogenitori.com"]}]}},"_links":{"self":[{"href":"https:\/\/www.alessandrogenitori.com\/index.php\/wp-json\/wp\/v2\/posts\/1011"}],"collection":[{"href":"https:\/\/www.alessandrogenitori.com\/index.php\/wp-json\/wp\/v2\/posts"}],"about":[{"href":"https:\/\/www.alessandrogenitori.com\/index.php\/wp-json\/wp\/v2\/types\/post"}],"author":[{"embeddable":true,"href":"https:\/\/www.alessandrogenitori.com\/index.php\/wp-json\/wp\/v2\/users\/1"}],"replies":[{"embeddable":true,"href":"https:\/\/www.alessandrogenitori.com\/index.php\/wp-json\/wp\/v2\/comments?post=1011"}],"version-history":[{"count":14,"href":"https:\/\/www.alessandrogenitori.com\/index.php\/wp-json\/wp\/v2\/posts\/1011\/revisions"}],"predecessor-version":[{"id":1103,"href":"https:\/\/www.alessandrogenitori.com\/index.php\/wp-json\/wp\/v2\/posts\/1011\/revisions\/1103"}],"wp:featuredmedia":[{"embeddable":true,"href":"https:\/\/www.alessandrogenitori.com\/index.php\/wp-json\/wp\/v2\/media\/1044"}],"wp:attachment":[{"href":"https:\/\/www.alessandrogenitori.com\/index.php\/wp-json\/wp\/v2\/media?parent=1011"}],"wp:term":[{"taxonomy":"category","embeddable":true,"href":"https:\/\/www.alessandrogenitori.com\/index.php\/wp-json\/wp\/v2\/categories?post=1011"},{"taxonomy":"post_tag","embeddable":true,"href":"https:\/\/www.alessandrogenitori.com\/index.php\/wp-json\/wp\/v2\/tags?post=1011"}],"curies":[{"name":"wp","href":"https:\/\/api.w.org\/{rel}","templated":true}]}}